{"id":239012,"date":"2022-04-05T11:34:08","date_gmt":"2022-04-05T09:34:08","guid":{"rendered":"https:\/\/fundacioassut.org\/?p=239012"},"modified":"2023-08-29T12:31:23","modified_gmt":"2023-08-29T10:31:23","slug":"nou-impuls-al-projecte-de-custodia-del-territori-en-el-tancat-de-lestell","status":"publish","type":"post","link":"https:\/\/fundacioassut.org\/?p=239012","title":{"rendered":"Nou impuls al projecte de cust\u00f2dia del territori al Tancat de l\u2019Estell"},"content":{"rendered":"\n<p>El projecte associat a l&#8217;acord de cust\u00f2dia del territori que la&nbsp;Fundaci\u00f3&nbsp;Assut mant\u00e9 amb la <strong>Comunitat de Regants del&nbsp;Tancat de l\u2019Estell<\/strong> des d&#8217;abril de 2011 ha rebut aquest any nou impuls gr\u00e0cies a l&#8217;ajuda concedida per la <strong><a href=\"https:\/\/www.fundacionbancaja.es\/va\/\">Fundaci\u00f3 Bancaixa<\/a><\/strong> i <strong><a href=\"https:\/\/www.caixabank.com\/ca\/sostenibilitat\/accio-social.html\">CaixaBank<\/a><\/strong> dins de la <strong><a href=\"https:\/\/www.fundacionbancaja.es\/va\/convocatoria\/iii-convocatoria-mediambiental-fundacio-bancaixa-caixabank\/\">III Convocat\u00f2ria Mediambiental<\/a><\/strong>, i al suport del <strong><a href=\"https:\/\/www.frect.org\/\">F\u00f2rum de Xarxes i Entitats de Cust\u00f2dia del Territori (FRECT)<\/a><\/strong> amb la col\u00b7laboraci\u00f3 d&#8217;<strong><a href=\"https:\/\/www.ecoembes.com\/es\">Ecoembes<\/a><\/strong>.<\/p>\n\n\n\n<p>En el primer dels casos, la dotaci\u00f3 concedida de 18.500 euros est\u00e0 destinada a diferents accions relacionades amb la implantaci\u00f3 de l&#8217;agricultura de precisi\u00f3, la creaci\u00f3 i restauraci\u00f3 d&#8217;h\u00e0bitats, i el seguiment de les comunitats d&#8217;aus i macroinvertebrats. En el segon, l&#8217;ajuda, de 5.000 euros, forma part del suport a una s\u00e8rie d&#8217;iniciatives de cust\u00f2dia del territori urbana i periurbana encaminades a reduir els residus per envasos i a promoure el valor i millorar la qualitat d&#8217;aquests paisatges antr\u00f2pics.<\/p>\n\n\n\n<p><\/p>\n\n\n\n<p><strong>Arr\u00f2s i sostenibilitat a l\u2019Albufera<\/strong><\/p>\n\n\n\n<p>En tot cas, les accions patrocinades s&#8217;emmarquen en el <strong><a href=\"https:\/\/fundacioassut.org\/project\/el-tancat-de-lestell\/\">Projecte del&nbsp;Tancat de l\u2019Estell: Sostenibilitat Territorial d&#8217;un Aiguamoll Costaner Mediterrani,<\/a><\/strong> una iniciativa que es localitza en aquest&nbsp;tancat arrosser de l\u2019Albufera de Val\u00e8ncia, que ja ha sigut reconeguda en anteriors ocasions \u2014segon premi Becas So\u00f1adores (2011), de Loter\u00edas del Estado i National Geographic&nbsp;Channel, i Premi Biodiversitat i Societat de la Generalitat Valenciana (2016)\u2014 i l&#8217;objectiu \u00faltim de la qual \u00e9s preservar i millorar l&#8217;estat de conservaci\u00f3 i el bon \u00fas dels recursos naturals, culturals i paisatg\u00edstics d&#8217;aquest entorn.<\/p>\n\n\n\n<p>Situat en el terme municipal de Sueca, molt prop del Palmar (Val\u00e8ncia) i en una zona d&#8217;especial inter\u00e8s per la seua proximitat a la mar i l\u2019estany de l\u2019Albufera, el&nbsp;Tancat de l\u2019Estell \u00e9s un espai territorial les peculiaritats del qual el converteixen en banc de proves i model de gesti\u00f3 per a espais afins. En la seua superf\u00edcie pr\u00f2xima a les tres-centes hect\u00e0rees, es troben representats h\u00e0bitats naturals i agr\u00edcoles de gran significaci\u00f3 ambiental, cultural i paisatg\u00edstica. La pr\u00e0ctica totalitat d&#8217;aquest \u00e0mbit est\u00e0 dedicat al cultiu de l&#8217;arr\u00f2s, producci\u00f3 que es desenvolupa entre els mesos de maig i octubre. La resta de l&#8217;any, des de l&#8217;inici de la tardor fins a ben entrada la primavera, el&nbsp;Tancat de l\u2019Estell adquireix un especial valor ambiental i paisatg\u00edstic. A aix\u00f2 contribueixen la inundaci\u00f3 hivernal, el&nbsp;fanguejat puntual dels camps \u2014especialment si es realitza despr\u00e9s de la collita\u2014 i algunes altres bones pr\u00e0ctiques agron\u00f2miques.<\/p>\n\n\n\n<p><\/p>\n\n\n\n<p><strong>Els objectius per a 2022<\/strong><\/p>\n\n\n\n<p>L&#8217;acord de cust\u00f2dia t\u00e9 com a fins la restauraci\u00f3 ecol\u00f2gica i la millora de l&#8217;estat de conservaci\u00f3 de la biodiversitat i el patrimoni cultural i natural, aix\u00ed com la implementaci\u00f3 d&#8217;eines de gesti\u00f3 que puguen servir de model en espais similars, all\u00ed on l&#8217;activitat agr\u00edcola i la biodiversitat siguen les bases que sustenten el paisatge.<\/p>\n\n\n\n<p>L&#8217;estrat\u00e8gia de l&#8217;acord de cust\u00f2dia es fonamenta en la negociaci\u00f3 \u00abwin-win\u00bb, de manera que les actuacions s&#8217;orienten doblement a la millora de la biodiversitat i al benefici de l&#8217;activitat agr\u00edcola. Aix\u00ed, aquestes passen primer pel diagn\u00f2stic de les problem\u00e0tiques i la definici\u00f3 dels desafiaments que el cultiu de l&#8217;arr\u00f2s planteja en un Parc Natural com a l\u2019Albufera i, d&#8217;altra banda, pel reconeixement dels avantatges i oportunitats que ha de significar per al productor el fet de cultivar arr\u00f2s en un espai protegit, fonamental per a la conservaci\u00f3 de la biodiversitat.<\/p>\n\n\n\n<p>L&#8217;estrat\u00e8gia compta des del seu inici amb set programes d&#8217;actuaci\u00f3:<\/p>\n\n\n\n<p>&#8211; Programa 1: Integraci\u00f3 i adequaci\u00f3 de practiques de cultiu.<\/p>\n\n\n\n<p>&#8211; Programa 2: Actuacions de millora del paisatge natural i hum\u00e0.<\/p>\n\n\n\n<p>&#8211; Programa 3: Aprofitament cineg\u00e8tic sostenible.<\/p>\n\n\n\n<p>&#8211; Programa 4: Diversificaci\u00f3 d\u2019activitats compatibles amb l\u2019agricultura.<\/p>\n\n\n\n<p>&#8211; Programa 5: Actuacions de millora i restauraci\u00f3 de l\u2019h\u00e0bitat per a la biodiversitat.<\/p>\n\n\n\n<p>&#8211; Programa 6: Treballs d\u2019investigaci\u00f3.<\/p>\n\n\n\n<p>&#8211; Programa 7: Participaci\u00f3, difusi\u00f3 i divulgaci\u00f3.<\/p>\n\n\n\n<p>I, per a 2022, la labor de la&nbsp;Fundaci\u00f3&nbsp;Assut es concreta en l&#8217;establiment de protocols per a sistematitzar l&#8217;obtenci\u00f3 d&#8217;informaci\u00f3 (al\u00e7aments d&#8217;informaci\u00f3) sobre avifauna, aig\u00fces, nutrients del s\u00f2l i h\u00e0bitat. Es tracta de protocols que permeten l&#8217;obtenci\u00f3 de resultats de seguiment ambiental i la triangulaci\u00f3 (relaci\u00f3 comparada entre diverses fonts) de dades de camp mitjan\u00e7ant tecnologies com la teledetecci\u00f3, els sensors de cultiu i l&#8217;an\u00e0lisi d&#8217;aig\u00fces i s\u00f2ls i d&#8217;indicadors biol\u00f2gics (macroinvertebrats i avifauna).<\/p>\n\n\n\n<p>Igualment, el treball d&#8217;enguany se centra en sensibilitzar la poblaci\u00f3 sobre el valor significatiu d&#8217;aquest \u00e0mbit territorial dins del Parc Natural de l\u2019Albufera; en l&#8217;acompanyament dels agricultors en bones pr\u00e0ctiques de cultiu, i en la innovaci\u00f3 tecnol\u00f2gica orientada a la reducci\u00f3 de costos econ\u00f2mics i ambientals. I, finalment, el projecte contempla tamb\u00e9 per a aquest cicle el diagn\u00f2stic i la resposta a problem\u00e0tiques com la gesti\u00f3 de residus, els usos no agraris del territori i la qualitat de l&#8217;aigua d&#8217;entrada al agrosistema.<\/p>\n","protected":false},"excerpt":{"rendered":"<p>El projecte associat a l\u2019acord de cust\u00f2dia del territori que la Fundaci\u00f3 Assut mant\u00e9 amb la Comunitat de Regants del Tancat de l\u2019Estell des d\u2019abril de 2011 ha rebut aquest any nou impuls gr\u00e0cies a l\u2019ajuda concedida per la Fundaci\u00f3 Bancaixa i CaixaBank dins de la III Convocat\u00f2ria Mediambiental, i al suport del F\u00f2rum de Xarxes i Entitats de Cust\u00f2dia del Territori (FRECT) amb la col\u00b7laboraci\u00f3 d\u2019Ecoembes.<\/p>\n","protected":false},"author":5,"featured_media":239013,"comment_status":"closed","ping_status":"open","sticky":false,"template":"","format":"standard","meta":{"_et_pb_use_builder":"off","_et_pb_old_content":"","_et_gb_content_width":"","footnotes":""},"categories":[87],"tags":[315,314],"class_list":["post-239012","post","type-post","status-publish","format-standard","has-post-thumbnail","hentry","category-noticies","tag-biodiversitat","tag-tancat-de-lestell"],"_links":{"self":[{"href":"https:\/\/fundacioassut.org\/index.php?rest_route=\/wp\/v2\/posts\/239012","targetHints":{"allow":["GET"]}}],"collection":[{"href":"https:\/\/fundacioassut.org\/index.php?rest_route=\/wp\/v2\/posts"}],"about":[{"href":"https:\/\/fundacioassut.org\/index.php?rest_route=\/wp\/v2\/types\/post"}],"author":[{"embeddable":true,"href":"https:\/\/fundacioassut.org\/index.php?rest_route=\/wp\/v2\/users\/5"}],"replies":[{"embeddable":true,"href":"https:\/\/fundacioassut.org\/index.php?rest_route=%2Fwp%2Fv2%2Fcomments&post=239012"}],"version-history":[{"count":9,"href":"https:\/\/fundacioassut.org\/index.php?rest_route=\/wp\/v2\/posts\/239012\/revisions"}],"predecessor-version":[{"id":239242,"href":"https:\/\/fundacioassut.org\/index.php?rest_route=\/wp\/v2\/posts\/239012\/revisions\/239242"}],"wp:featuredmedia":[{"embeddable":true,"href":"https:\/\/fundacioassut.org\/index.php?rest_route=\/wp\/v2\/media\/239013"}],"wp:attachment":[{"href":"https:\/\/fundacioassut.org\/index.php?rest_route=%2Fwp%2Fv2%2Fmedia&parent=239012"}],"wp:term":[{"taxonomy":"category","embeddable":true,"href":"https:\/\/fundacioassut.org\/index.php?rest_route=%2Fwp%2Fv2%2Fcategories&post=239012"},{"taxonomy":"post_tag","embeddable":true,"href":"https:\/\/fundacioassut.org\/index.php?rest_route=%2Fwp%2Fv2%2Ftags&post=239012"}],"curies":[{"name":"wp","href":"https:\/\/api.w.org\/{rel}","templated":true}]}}