{"id":239125,"date":"2022-11-02T09:08:33","date_gmt":"2022-11-02T07:08:33","guid":{"rendered":"https:\/\/fundacioassut.org\/?p=239125"},"modified":"2022-11-02T09:42:55","modified_gmt":"2022-11-02T07:42:55","slug":"mes-de-1-500-alumnes-de-primaria-descobreixen-lhorta-jugant-a-laula","status":"publish","type":"post","link":"https:\/\/fundacioassut.org\/?p=239125","title":{"rendered":"M\u00e9s de 1.500 alumnes de Prim\u00e0ria descobreixen l&#8217;Horta jugant a l&#8217;aula"},"content":{"rendered":"\n<p>Vora 1.600 xiquetes i xiquets, alumnes d&#8217;Educaci\u00f3 Prim\u00e0ria de tota la Comunitat Valenciana, han participat a l\u2019inici d&#8217;aquest curs 2022-2023, entre setembre i octubre, en l&#8217;activitat ludicoeducativa del <a href=\"https:\/\/fundacioassut.org\/project\/el-joc-de-lhorta-agroecologia-a-laula\/\">\u00abJoc de l&#8217;Horta: Agroecologia a l&#8217;escola\u00bb<\/a>, desenvolupada per la Fundaci\u00f3 Assut en col\u00b7laboraci\u00f3 amb <a href=\"https:\/\/www.hortaviva.net\/ca\/\">Horta Viva<\/a> i amb el finan\u00e7ament de la <a href=\"https:\/\/agroambient.gva.es\/va\/\">Conselleria d&#8217;Agricultura<\/a>. Aprofitant l&#8217;efecte multiplicador de l\u2019escola, aquesta activitat persegueix la formaci\u00f3 d&#8217;una ciutadania activa i compromesa en la defensa de l&#8217;agricultura a trav\u00e9s del consum i la producci\u00f3 responsables. Mitjan\u00e7ant aquesta iniciativa, l&#8217;alumnat entra en contacte amb els principals processos i elements relacionats amb la producci\u00f3 d&#8217;hortalisses, com ara els cicles de l&#8217;aigua, els nutrients i les plantes, la biodiversitat, les varietats tradicionals, els coneixements camperols&#8230;<\/p>\n\n\n\n<p>Incl\u00f2s entre les diferents activitats del <a href=\"https:\/\/fundacioassut.org\/project\/programa-cerca\/\">programa Cerca<\/a> d&#8217;educaci\u00f3 i divulgaci\u00f3 del paisatge, el \u00abJoc de l&#8217;Horta\u00bb \u00e9s un joc de taula que s&#8217;utilitza per a \u00abludificar\u00bb el proc\u00e9s d&#8217;ensenyament i aprenentatge de l&#8217;agroecologia amb la finalitat de promoure entre l&#8217;alumnat el coneixement del territori agr\u00edcola en les diferents comarques on es realitza l&#8217;activitat.<\/p>\n\n\n\n<p>Per a contribuir a l\u2019efic\u00e0cia del projecte, s&#8217;ha dotat al professorat de materials i recursos did\u00e0ctics espec\u00edficament desenvolupats per a l&#8217;ensenyament del contingut curricular corresponent a l&#8217;assignatura de Coneixement del Medi. Aquests recursos inclouen una proposta d&#8217;activitats per a cada cicle d&#8217;ensenyament, una descripci\u00f3 adaptada a les capacitats i compet\u00e8ncies particulars i un directori de refer\u00e8ncies per a la dinamitzaci\u00f3 de conceptes com els de petjada de carboni, emerg\u00e8ncia clim\u00e0tica i consum responsable.<\/p>\n\n\n\n<p>Amb aquesta iniciativa, que compta amb una subvenci\u00f3 destinada a \u00abprogrames i projectes educatius de formaci\u00f3 i divulgaci\u00f3 per a estrat\u00e8gies de dinamitzaci\u00f3 agroecol\u00f2gica en l&#8217;\u00e0mbit de la Comunitat Valenciana\u00bb (DOGV n\u00fam. 9296 \/ 11.03.2022), es tracta d&#8217;atendre la demanda del sector agr\u00edcola i la ciutadania en l&#8217;objectiu de construir un sistema agroalimentari local, just i sostenible. Aquest projecte d&#8217;educaci\u00f3 agroecol\u00f2gica vol inculcar des d&#8217;edats primerenques el valor del patrimoni agr\u00edcola valenci\u00e0 i la import\u00e0ncia de l&#8217;alimentaci\u00f3 saludable i el paper dels agroecosistemes en el benestar hum\u00e0.<\/p>\n\n\n\n<p>&#8212;<\/p>\n\n\n\n<p>Si us interessa con\u00e9ixer m\u00e9s sobre l&#8217;activitat o concertar un taller para la vostra escola, escriviu-nos a <a href=\"mailto:info@fundacioassut.org\">cerca@fundacioassut.org<\/a> o telefenoeu al 629 936 415.<\/p>\n","protected":false},"excerpt":{"rendered":"<p>El \u00abJoc de l\u2019Horta\u00bb, activitat d&#8217;educaci\u00f3 agroecol\u00f2gica promoguda per Horta Viva i la Fundaci\u00f3 Assut, ha acostat el valor del patrimoni agr\u00edcola valenci\u00e0 a m\u00e9s de 1.500 escolars de Prim\u00e0ria en a penes dos mesos.<\/p>\n","protected":false},"author":5,"featured_media":239120,"comment_status":"closed","ping_status":"open","sticky":false,"template":"","format":"standard","meta":{"_et_pb_use_builder":"off","_et_pb_old_content":"","_et_gb_content_width":"","footnotes":""},"categories":[87],"tags":[],"class_list":["post-239125","post","type-post","status-publish","format-standard","has-post-thumbnail","hentry","category-noticies"],"_links":{"self":[{"href":"https:\/\/fundacioassut.org\/index.php?rest_route=\/wp\/v2\/posts\/239125","targetHints":{"allow":["GET"]}}],"collection":[{"href":"https:\/\/fundacioassut.org\/index.php?rest_route=\/wp\/v2\/posts"}],"about":[{"href":"https:\/\/fundacioassut.org\/index.php?rest_route=\/wp\/v2\/types\/post"}],"author":[{"embeddable":true,"href":"https:\/\/fundacioassut.org\/index.php?rest_route=\/wp\/v2\/users\/5"}],"replies":[{"embeddable":true,"href":"https:\/\/fundacioassut.org\/index.php?rest_route=%2Fwp%2Fv2%2Fcomments&post=239125"}],"version-history":[{"count":5,"href":"https:\/\/fundacioassut.org\/index.php?rest_route=\/wp\/v2\/posts\/239125\/revisions"}],"predecessor-version":[{"id":239137,"href":"https:\/\/fundacioassut.org\/index.php?rest_route=\/wp\/v2\/posts\/239125\/revisions\/239137"}],"wp:featuredmedia":[{"embeddable":true,"href":"https:\/\/fundacioassut.org\/index.php?rest_route=\/wp\/v2\/media\/239120"}],"wp:attachment":[{"href":"https:\/\/fundacioassut.org\/index.php?rest_route=%2Fwp%2Fv2%2Fmedia&parent=239125"}],"wp:term":[{"taxonomy":"category","embeddable":true,"href":"https:\/\/fundacioassut.org\/index.php?rest_route=%2Fwp%2Fv2%2Fcategories&post=239125"},{"taxonomy":"post_tag","embeddable":true,"href":"https:\/\/fundacioassut.org\/index.php?rest_route=%2Fwp%2Fv2%2Ftags&post=239125"}],"curies":[{"name":"wp","href":"https:\/\/api.w.org\/{rel}","templated":true}]}}