{"id":239173,"date":"2023-06-06T10:57:18","date_gmt":"2023-06-06T08:57:18","guid":{"rendered":"https:\/\/fundacioassut.org\/?p=239173"},"modified":"2025-01-27T14:25:01","modified_gmt":"2025-01-27T12:25:01","slug":"bodegas-vicente-gandia-pel-paisatge-i-la-naturalesa-de-larros-a-lalbufera","status":"publish","type":"post","link":"https:\/\/fundacioassut.org\/?p=239173","title":{"rendered":"Bodegas Vicente Gand\u00eda, pel paisatge i la naturalesa de l\u2019arr\u00f2s a l\u2019Albufera"},"content":{"rendered":"\n<p>La Fundaci\u00f3 Assut compta en 2023 amb la col\u00b7laboraci\u00f3 de Bodegas Vicente Gandia per a la realitzaci\u00f3 conjunta de diferents activitats de divulgaci\u00f3 centrades a l\u2019Albufera; m\u00e9s concretament, al voltant de la relaci\u00f3 entre l&#8217;agricultura de l&#8217;arr\u00f2s i la conservaci\u00f3 de la biodiversitat i el paisatge en aquest aiguamoll protegit. Entre elles, el 21 de juny vinent, l&#8217;empresa organitza la <a href=\"https:\/\/www.enterticket.es\/eventos\/gala-benefica-vicente-gandia-som-albufera-783670\"><strong>Gala Ben<\/strong><strong>\u00e8<\/strong><strong>fica \u00abSom Albufera\u00bb<\/strong><\/a>.<\/p>\n\n\n\n<p>Les activitats que conformen aquesta col\u00b7laboraci\u00f3 se situen en el Tancat de l\u2019Estell, un espai arrosser de tres-centes hect\u00e0rees on els agricultors, organitzats en la Comunitat de Regants de l\u2019Estell i Rojas, i la Fundaci\u00f3 Assut mantenen un acord de cust\u00f2dia del territori per al desenvolupament d&#8217;un projecte de conservaci\u00f3 a llarg termini. La iniciativa, premiada en diverses ocasions des que es va mamprendre en 2011 \u2014Becas So\u00f1adores (Loter\u00edas del Estado i National Geographic, 2011), Premi Biodiversitat i Societat (Generalitat Valenciana, 2016) i III Convocat\u00f2ria Mediambiental de la Fundaci\u00f3 Bancaixa i CaixaBank (2022)\u2014, s&#8217;orienta doblement a la millora de la biodiversitat i al benefici de l&#8217;activitat agr\u00edcola.<\/p>\n\n\n\n<p>Les l\u00ednies d&#8217;actuaci\u00f3 atenen aspectes com la integraci\u00f3 i adequaci\u00f3 de les pr\u00e0ctiques agr\u00edcoles, la recuperaci\u00f3 del patrimoni, la gesti\u00f3 racional de la ca\u00e7a, la millora de l&#8217;h\u00e0bitat i la promoci\u00f3 d&#8217;activitats i usos compatibles amb l&#8217;agricultura. A m\u00e9s, l&#8217;acord de cust\u00f2dia contempla l&#8217;execuci\u00f3 de programes d&#8217;investigaci\u00f3 i accions d&#8217;educaci\u00f3 i divulgaci\u00f3 dirigits a millorar el coneixement i la implicaci\u00f3 de la societat en la conservaci\u00f3 d&#8217;aquests espais.<\/p>\n\n\n\n<p><\/p>\n\n\n\n<p><strong>Divulgaci\u00f3 i voluntariat<\/strong><\/p>\n\n\n\n<p>En el context del projecte del Tancat de l\u2019Estell, la col\u00b7laboraci\u00f3 entre Bodegas Vicente Gandia, mitjan\u00e7ant el programa de Responsabilitat Social Corporativa \u00abSom Albufera\u00bb, i la Fundaci\u00f3 Assut consisteix en l&#8217;organitzaci\u00f3 conjunta i patrocinada del programa anual d&#8217;activitats divulgatives i participatives a l\u2019Albufera. Al llarg de tot l&#8217;any, s&#8217;estan celebrant visites obertes al p\u00fablic relacionades amb les diferents etapes del cicle de l&#8217;arr\u00f2s \u2014la <em>fanguej\u00e0,<\/em> la sembra, la collita, la <em>perellon\u00e0<\/em>\u2026\u2014 i altres aspectes caracter\u00edstics d&#8217;aquest paisatge \u2014la pesca artesanal i l&#8217;arquitectura\u2014, aix\u00ed com accions de voluntariat, consistents en la retirada de pl\u00e0stics i altres residus, i en la restauraci\u00f3 ambiental amb la plantaci\u00f3 de lliri groc i altres esp\u00e8cies de flora aut\u00f2ctona en motes i marges de s\u00e9quies. En aquest programa de divulgaci\u00f3 participen tamb\u00e9 Arroz Tartana, Consum i la Conselleria d\u2019Educaci\u00f3, Cultura i Esport.<\/p>\n\n\n\n<p><\/p>\n\n\n\n<p><strong>Gala ben\u00e8fica<\/strong><\/p>\n\n\n\n<p>Dins del programa \u00abSom Albufera\u00bb, Bodegas Vicente Gand\u00eda celebrar\u00e0 el 21 de juny vinent, a partir de les 20.30 h., una gala ben\u00e8fica a favor dels objectius de la Fundaci\u00f3 Assut a la qual qualsevol persona pot acudir i per la qual cosa cal inscriure&#8217;s en aquest enlla\u00e7: <a href=\"https:\/\/www.enterticket.es\/eventos\/gala-benefica-vicente-gandia-som-albufera-783670\"><strong>Gala Ben\u00e8fica \u00abSom Albufera\u00bb<\/strong>.<\/a> La vetlada, que tindr\u00e0 lloc en el restaurant Nou Rac\u00f3 del Palmar, s&#8217;iniciar\u00e0 amb una excursi\u00f3 en barca per a assistir a la posta de sol des del lluent, continuar\u00e0 amb la presentaci\u00f3 del programa d\u2019RSC a c\u00e0rrec de Javier Gand\u00eda i un sopar maridatge condu\u00eft per Maximiliano Bao, millor sommelier d&#8217;Espanya 2022, i conclour\u00e0 amb un dist\u00e9s <em>networking<\/em> en la terrassa d&#8217;aquest complex hostaler.<\/p>\n","protected":false},"excerpt":{"rendered":"<p>En 2023, l&#8217;empresa valenciana Bodegas Vicente Gand\u00eda centra el seu pla d&#8217;RSC a l&#8217;Albufera. Mitjan\u00e7ant el programa \u00abSom Albufera\u00bb, col\u00b7labora amb la Fundaci\u00f3 Assut en la divulgaci\u00f3 i la conscienciaci\u00f3 al voltant de la relaci\u00f3 directa entre l&#8217;agricultura de l&#8217;arrossar i la conservaci\u00f3 de la naturalesa i el paisatge.<\/p>\n","protected":false},"author":5,"featured_media":239178,"comment_status":"closed","ping_status":"open","sticky":false,"template":"","format":"standard","meta":{"_et_pb_use_builder":"off","_et_pb_old_content":"","_et_gb_content_width":"","footnotes":""},"categories":[87],"tags":[],"class_list":["post-239173","post","type-post","status-publish","format-standard","has-post-thumbnail","hentry","category-noticies"],"_links":{"self":[{"href":"https:\/\/fundacioassut.org\/index.php?rest_route=\/wp\/v2\/posts\/239173","targetHints":{"allow":["GET"]}}],"collection":[{"href":"https:\/\/fundacioassut.org\/index.php?rest_route=\/wp\/v2\/posts"}],"about":[{"href":"https:\/\/fundacioassut.org\/index.php?rest_route=\/wp\/v2\/types\/post"}],"author":[{"embeddable":true,"href":"https:\/\/fundacioassut.org\/index.php?rest_route=\/wp\/v2\/users\/5"}],"replies":[{"embeddable":true,"href":"https:\/\/fundacioassut.org\/index.php?rest_route=%2Fwp%2Fv2%2Fcomments&post=239173"}],"version-history":[{"count":1,"href":"https:\/\/fundacioassut.org\/index.php?rest_route=\/wp\/v2\/posts\/239173\/revisions"}],"predecessor-version":[{"id":239174,"href":"https:\/\/fundacioassut.org\/index.php?rest_route=\/wp\/v2\/posts\/239173\/revisions\/239174"}],"wp:featuredmedia":[{"embeddable":true,"href":"https:\/\/fundacioassut.org\/index.php?rest_route=\/wp\/v2\/media\/239178"}],"wp:attachment":[{"href":"https:\/\/fundacioassut.org\/index.php?rest_route=%2Fwp%2Fv2%2Fmedia&parent=239173"}],"wp:term":[{"taxonomy":"category","embeddable":true,"href":"https:\/\/fundacioassut.org\/index.php?rest_route=%2Fwp%2Fv2%2Fcategories&post=239173"},{"taxonomy":"post_tag","embeddable":true,"href":"https:\/\/fundacioassut.org\/index.php?rest_route=%2Fwp%2Fv2%2Ftags&post=239173"}],"curies":[{"name":"wp","href":"https:\/\/api.w.org\/{rel}","templated":true}]}}