{"id":239222,"date":"2023-08-29T12:19:32","date_gmt":"2023-08-29T10:19:32","guid":{"rendered":"https:\/\/fundacioassut.org\/?p=239222"},"modified":"2023-08-29T14:57:10","modified_gmt":"2023-08-29T12:57:10","slug":"arros-i-biodiversitat-al-tancat-de-lestell-una-relacio-simbiotica","status":"publish","type":"post","link":"https:\/\/fundacioassut.org\/?p=239222","title":{"rendered":"Arr\u00f2s i biodiversitat al Tancat de l&#8217;Estell, una relaci\u00f3 simbi\u00f2tica"},"content":{"rendered":"\n<h4 class=\"wp-block-heading\"><strong>El projecte del <a href=\"https:\/\/fundacioassut.org\/project\/el-tancat-de-lestell\/\">Tancat de l\u2019Estell<\/a> es consolida gr\u00e0cies al suport de la Fundaci\u00f3 Bancaixa i CaixaBank mitjan\u00e7ant la IV Convocat\u00f2ria Mediambiental<\/strong><\/h4>\n\n\n\n<div style=\"height:10px\" aria-hidden=\"true\" class=\"wp-block-spacer\"><\/div>\n\n\n\n<p>L\u2019antagonisme entre agricultura i biodiversitat, entre progr\u00e9s i conservaci\u00f3, \u00e9s anacr\u00f2nic i pervers. Qui l\u2019alimenta demag\u00f2gicament per a guanyar-se els d\u2019una part o l\u2019altra tal vegada encara no haja ent\u00e9s que s\u00f3n com les dues cares d\u2019una moneda, necess\u00e0riament complement\u00e0ries. A l\u2019Albufera, per una l\u00f2gica prim\u00e0ria, per\u00f2 tamb\u00e9 per raons d\u2019\u00edndole pol\u00edtica i administrativa, a hores d\u2019ara no pot existir l\u2019agricultura de l\u2019arr\u00f2s sense la conservaci\u00f3 de la naturalesa, ni tampoc l\u2019aiguamoll sense este cultiu associat.<\/p>\n\n\n\n<p>Fins i tot agron\u00f2micament, cada vegada m\u00e9s, la viabilitat de l\u2019arrossar dep\u00e8n de la seua qualitat com a h\u00e0bitat alternatiu a l\u2019aiguamoll natural. Davant l\u2019augment dels costos de producci\u00f3, la p\u00e8rdua de la fertilitat del s\u00f2l, l\u2019amena\u00e7a de la salinitzaci\u00f3 o la persistent incid\u00e8ncia de plagues, el manteniment i la millora de la qualitat ambiental i la biodiversitat s\u00f3n garanties de sostenibilitat econ\u00f2mica. Sobre esta idea de reciprocitat i mitjan\u00e7ant un acord de cust\u00f2dia del territori que es fonamenta en una negociaci\u00f3 <em>win-to-win<\/em> \u2014ning\u00fa guanya si no guanyen tots\u2014, la Comunitat de Regants de l\u2019Estell i Rojas i la Fundaci\u00f3 Assut treballen conjuntament des de 2011 orientades doblement cap al benefici de l\u2019activitat agr\u00edcola i la millora del paisatge i la biodiversitat. El doble objectiu passa per recon\u00e9ixer i acceptar les limitacions i desafiaments que, com a factor diferenciador, suposa cultivar arr\u00f2s en un espai natural protegit, i tractar d\u2019aprofitar precisament els avantatges i oportunitats que este binomi planteja.<\/p>\n\n\n\n<blockquote class=\"wp-block-quote is-layout-flow wp-block-quote-is-layout-flow\"><p><strong>Ning\u00fa guanya si no guanyen tots: La Comunitat de Regants de l\u2019Estell i Rojas i la Fundaci\u00f3 Assut treballen conjuntament des de 2011 orientades doblement cap al benefici de l\u2019activitat agr\u00edcola i la millora del paisatge i la biodiversitat.<\/strong><\/p><\/blockquote>\n\n\n\n<div style=\"height:11px\" aria-hidden=\"true\" class=\"wp-block-spacer\"><\/div>\n\n\n\n<figure class=\"wp-block-image size-large\"><img loading=\"lazy\" decoding=\"async\" width=\"1024\" height=\"768\" src=\"https:\/\/fundacioassut.org\/wp-content\/uploads\/2023\/08\/b.1.3.-marjal-alto-albufera-marjal-seco-anivellant-estell-llorens-1024x768.jpg\" alt=\"\" class=\"wp-image-239228\" srcset=\"https:\/\/fundacioassut.org\/wp-content\/uploads\/2023\/08\/b.1.3.-marjal-alto-albufera-marjal-seco-anivellant-estell-llorens-980x735.jpg 980w, https:\/\/fundacioassut.org\/wp-content\/uploads\/2023\/08\/b.1.3.-marjal-alto-albufera-marjal-seco-anivellant-estell-llorens-480x360.jpg 480w\" sizes=\"(min-width: 0px) and (max-width: 480px) 480px, (min-width: 481px) and (max-width: 980px) 980px, (min-width: 981px) 1024px, 100vw\" \/><figcaption>Un tractor anivellant un camp d&#8217;arr\u00f2s a finals de mar\u00e7, unes setmanes abans de la solta de l&#8217;aigua per a la sembra (foto: V. L. \/ Fundaci\u00f3 Assut).<\/figcaption><\/figure>\n\n\n\n<div style=\"height:29px\" aria-hidden=\"true\" class=\"wp-block-spacer\"><\/div>\n\n\n\n<h3 class=\"wp-block-heading\">L&#8217;impuls dels darrers anys<\/h3>\n\n\n\n<p>Forma part d\u2019este treball conjunt la posada en marxa d\u2019iniciatives de seguiment agron\u00f2mic i d\u2019an\u00e0lisi dels processos ecol\u00f2gics que permeten el desenvolupament de sistemes de vigil\u00e0ncia i alerta primerenca davant esdeveniments puntuals o situacions continuades d\u2019amena\u00e7a. En 2022, amb l\u2019objectiu de determinar i actuar sobre les causes de la degradaci\u00f3 ambiental, es va impulsar el monitoratge continu mitjan\u00e7ant indicadors de qualitat ecol\u00f2gica, en camp i a dist\u00e0ncia, i del seguiment de l\u2019estat de conservaci\u00f3 d\u2019esp\u00e8cies d\u2019avifauna que poden ser considerades bioindicadors de refer\u00e8ncia. Es va comen\u00e7ar a treballar en una implantaci\u00f3 progressiva d\u2019instruments d\u2019agricultura de precisi\u00f3 amb l\u2019objectiu de millorar la sostenibilitat d\u2019esta activitat productiva. I s\u2019han continuat promovent accions de restauraci\u00f3 ecol\u00f2gica i de recuperaci\u00f3 de l\u2019h\u00e0bitat per a la fauna. Entre estes, s\u2019inclou la restauraci\u00f3 i creaci\u00f3 d\u2019espais de refugi i alimentaci\u00f3 per a esp\u00e8cies amena\u00e7ades de quir\u00f2pters (rates penades), aix\u00ed com intervencions puntuals tendents a facilitar la pres\u00e8ncia durant la migraci\u00f3 postnupcial i la hivernada d\u2019aus lim\u00edcoles la depend\u00e8ncia de les quals d\u2019una gesti\u00f3 adequada de l\u2019arrossar \u00e9s molt alta. Esta intervenci\u00f3 activa inclou tamb\u00e9 la plantaci\u00f3 de flora aut\u00f2ctona i la retirada de fem, enderrocs i esp\u00e8cies invasores.<\/p>\n\n\n\n<p>I, durant 2023, la continu\u00eftat d\u2019este treball s\u2019ha concretat en una desena d\u2019accions puntuals basades en les diferents l\u00ednies estrat\u00e8giques que defineixen el projecte. Estes l\u00ednies d\u2019actuaci\u00f3 atenen aspectes com la integraci\u00f3 i adequaci\u00f3 de les pr\u00e0ctiques agr\u00edcoles, la recuperaci\u00f3 del patrimoni, la gesti\u00f3 racional de la ca\u00e7a, la millora de l\u2019h\u00e0bitat i la promoci\u00f3 d\u2019activitats i usos compatibles amb l\u2019agricultura. A m\u00e9s, l\u2019acord de cust\u00f2dia contempla l\u2019execuci\u00f3 de programes d\u2019investigaci\u00f3 i accions d\u2019educaci\u00f3 i divulgaci\u00f3 dirigits a millorar el coneixement i la implicaci\u00f3 de la societat en la conservaci\u00f3 d\u2019esta mena d\u2019espais. Dins d\u2019estes estrat\u00e8gies, es detallen a continuaci\u00f3 les deu iniciatives principals que es duen a terme enguany.<\/p>\n\n\n\n<div style=\"height:8px\" aria-hidden=\"true\" class=\"wp-block-spacer\"><\/div>\n\n\n\n<p><strong>1<\/strong>. <strong>Estaci\u00f3 meteorol\u00f2gica<\/strong>: Instal\u00b7laci\u00f3 d\u2019una <a href=\"https:\/\/www.avamet.org\/mxo_i.php?id=c21m235e09\"><strong>estaci\u00f3 de recollida de dades meteorol\u00f2giques<\/strong><\/a> que proporciona informaci\u00f3 per a la prevenci\u00f3 i presa de decisions sobre plagues de l\u2019arr\u00f2s sensibles a canvis de temperatura i humitat. L\u2019acci\u00f3 t\u00e9 com a objectiu comunicar estos valors als agricultors i evitar tractaments preventius de pesticides.<\/p>\n\n\n\n<p><strong>2<\/strong>. <strong>Qualitat de l\u2019aigua<\/strong>: Monitoratge continu de la qualitat fisicoqu\u00edmica i ecol\u00f2gica a partir d\u2019\u00edndexs de biodiversitat de macroinvertebrats aqu\u00e0tics i mostreig de l\u2019aigua de s\u00e9quies d\u2019entrada i eixida. Estes dades alimenten la l\u00ednia de base encetada en 2021 sobre qualitat ecol\u00f2gica de l\u2019aigua en la marjal. Informen tamb\u00e9 sobre la conservaci\u00f3 i diversitat de les comunitats de macroinvertebrats.<\/p>\n\n\n\n<p><strong>3<\/strong>. <strong>Censos i anellament cient\u00edfic<\/strong>: Censos hivernals d\u2019\u00fas de l\u2019espai per part de les aus \u2014h\u00e0bitat d\u2019alimentaci\u00f3 i refugi\u2014 i censos prenupcials, de nidificaci\u00f3 i postnupcials. L\u2019objectiu \u00e9s obtindre dades sobre la millora ambiental a partir de les intervencions de restauraci\u00f3 i promoure l\u2019\u00fas de l\u2019avifauna com a bioindicador de qualitat ecol\u00f2gica.<\/p>\n\n\n\n<p><strong>4<\/strong>. <strong>Mesurament de nutrients en fulla<\/strong>: Este punt consisteix en l\u2019al\u00e7ament de dades (pilot d\u2019adobament) en la fase de cultiu de l\u2019arr\u00f2s a fi d\u2019avaluar el contingut de nutrients en fulla i, amb aix\u00f2, realitzar adobaments de precisi\u00f3 que minimitzen l\u2019emissi\u00f3 de contaminants a aig\u00fces i s\u00f2l.<\/p>\n\n\n\n<p><strong>5<\/strong>. <strong>Teledetecci\u00f3 de necessitats d\u2019adobament<\/strong>: Model pilot de c\u00e0lcul de requeriments d\u2019adobament de precisi\u00f3 a partir de la triangulaci\u00f3 de dades de s\u00e8rie interanual de dades en camp (nutrients en fulla), producci\u00f3 d\u2019arr\u00f2s i \u00edndexs de reflect\u00e0ncia d\u2019imatges satel\u00b7lit\u00e0ries, en col\u00b7laboraci\u00f3 amb la Universitat Polit\u00e8cnica de Val\u00e8ncia.<\/p>\n\n\n\n<p><strong>6<\/strong>. <strong>Acompanyament a agricultors<\/strong>: Capacitaci\u00f3 d\u2019agricultors arrossers sobre l\u2019agricultura de precisi\u00f3, amb informaci\u00f3 sobre les alternatives i impactes de l\u2019\u00fas d\u2019adobs i pesticides \u2014costos, emissi\u00f3 de contaminants, nova normativa\u2014 i els instruments \u2014f\u00f3rmules de c\u00e0lcul de quantitats i aplicaci\u00f3\u2014 dirigits a la disminuci\u00f3 de l\u2019\u00fas d\u2019estos inputs sense comprometre la collita.<\/p>\n\n\n\n<p><strong>7<\/strong>. <strong>Restauraci\u00f3 de marges i s\u00e9quies<\/strong>: Retirada de fems, enderrocs i arrossegaments no naturals en s\u00e9quies i marges, i preparaci\u00f3 de terrenys per a la vegetaci\u00f3 d\u2019esp\u00e8cies aut\u00f2ctones en col\u00b7laboraci\u00f3 amb el Servici Devesa-Albufera, amb plantacions, revisions i reposicions peri\u00f2diques.<\/p>\n\n\n\n<p><strong>8<\/strong>. <strong>H\u00e0bitat per a quir\u00f2pters<\/strong>: An\u00e0lisi de l\u2019estat del patrimoni constru\u00eft i les caixes niu o refugis existents; estudi GIS sobre h\u00e0bitat potencial, i informe amb zones i propostes d\u2019intervenci\u00f3 priorit\u00e0ria per a propietaris i administraci\u00f3. Inclou la creaci\u00f3 d\u2019h\u00e0bitat de refugi mitjan\u00e7ant la col\u00b7locaci\u00f3 de caixes niu\/refugi.<\/p>\n\n\n\n<p><strong>9<\/strong>. <strong>H\u00e0bitat per a aus lim\u00edcoles<\/strong>: La iniciativa <strong><a href=\"https:\/\/fundacioassut.org\/project\/arrossars-de-pas\/\">(\u00abArrossars de pas\u00bb)<\/a><\/strong> consisteix en la gesti\u00f3 agron\u00f2mica de camps fallits d\u2019arr\u00f2s \u2014a tota la marjal de l\u2019Albufera\u2014 a fi de facilitar espais de descans i alimentaci\u00f3 durant el pas migratori postnupcial. El fanguejat i el manteniment d\u2019una l\u00e0mina d\u2019aigua afavoreixen la colonitzaci\u00f3 de macroinvertebrats i peixos que serveixen d\u2019aliment a moltes esp\u00e8cies d\u2019aus lim\u00edcoles en un moment cr\u00edtic.<\/p>\n\n\n\n<p><strong>10<\/strong>. <strong>Activitats de participaci\u00f3<\/strong>: Desenvolupament d\u2019activitats participatives i divulgatives relacionades amb el cicle de l\u2019arr\u00f2s i amb els valors naturals i culturals de l\u2019Albufera, particularment centrades al Tancat de l\u2019Estell.<\/p>\n\n\n\n<div style=\"height:8px\" aria-hidden=\"true\" class=\"wp-block-spacer\"><\/div>\n\n\n\n<figure class=\"wp-block-image size-large\"><img loading=\"lazy\" decoding=\"async\" width=\"1024\" height=\"768\" src=\"https:\/\/fundacioassut.org\/wp-content\/uploads\/2023\/08\/38391584-Unknown-1024x768.jpg\" alt=\"\" class=\"wp-image-239227\" srcset=\"https:\/\/fundacioassut.org\/wp-content\/uploads\/2023\/08\/38391584-Unknown-980x735.jpg 980w, https:\/\/fundacioassut.org\/wp-content\/uploads\/2023\/08\/38391584-Unknown-480x360.jpg 480w\" sizes=\"(min-width: 0px) and (max-width: 480px) 480px, (min-width: 481px) and (max-width: 980px) 980px, (min-width: 981px) 1024px, 100vw\" \/><figcaption>Oroval posat sobre una mota al Tancat de l&#8217;Estell, entre una s\u00e9quia i una bassa d&#8217;arr\u00f2s (foto: V. L. \/ Fundaci\u00f3 Assut).<\/figcaption><\/figure>\n\n\n\n<div style=\"height:30px\" aria-hidden=\"true\" class=\"wp-block-spacer\"><\/div>\n\n\n\n<h3 class=\"wp-block-heading\">La Convocat\u00f2ria Mediambiental<\/h3>\n\n\n\n<p>El projecte del Tancat de l\u2019Estell ha continuat en l\u2019exercici 2022-2023 gr\u00e0cies en gran part a l\u2019ajuda concedida per la <strong>Fundaci\u00f3 Bancaixa<\/strong> i <strong>CaixaBank<\/strong> mitjan\u00e7ant la seua <strong><a href=\"https:\/\/www.fundacionbancaja.es\/va\/convocatoria\/iv-convocatoria-mediambiental-fundacio-bancaixa-caixabank\/\">IV Convocat\u00f2ria Mediambiental.<\/a><\/strong> \u00c9s el segon any consecutiu en qu\u00e8 les actuacions vinculades a l\u2019acord de cust\u00f2dia del territori entre la Fundaci\u00f3 Assut i la Comunitat de Regants de l\u2019Estell i Rojas reben el suport d\u2019ambdues entitats a trav\u00e9s d\u2019esta l\u00ednia de finan\u00e7ament. La Convocat\u00f2ria Mediambiental, amb una dotaci\u00f3 total de 150.000 euros repartits entre deu projectes, constitueix un dels principals suports a la Comunitat Valenciana a esta mena d\u2019iniciatives de millora del patrimoni natural. A m\u00e9s a m\u00e9s, CaixaBank col\u00b7labora tamb\u00e9 amb el projecte via la <strong><a href=\"https:\/\/www.caixabank.com\/ca\/sostenibilitat\/impacte-social-inclusio-financera\/accio-social.html\">Convocat\u00f2ria Mediambient 2023.<\/a><\/strong><\/p>\n\n\n\n<p>Juntament amb el suport de la Fundaci\u00f3 Bancaixa i CaixaBank, algunes de les l\u00ednies d\u2019actuaci\u00f3 incloses en el projecte del Tancat de l\u2019Estell compten en 2023 amb altres fonts de finan\u00e7ament, com ara una ajuda directa atorgada per la <strong>Conselleria d\u2019Agricultura, Desenvolupament Rural, Emerg\u00e8ncia Clim\u00e0tica i Transici\u00f3 Ecol\u00f2gica<\/strong> per mitj\u00e0 del <strong>Parc Natural de l\u2019Albufera,<\/strong> que a m\u00e9s posa a la disposici\u00f3 del projecte el <strong><a href=\"https:\/\/lamfibi.org\/inauguracio-del-centre-maria-rosa-miracle-per-al-seguiment-daiguamolls\/\">Laboratori del Centre Maria Rosa Miracle per al Seguiment d\u2019Aiguamolls<\/a>,<\/strong> i el programa <strong><a href=\"https:\/\/vicentegandia.es\/news\/som-albufera-responsabilidad-social-corporativa\/\">\u00abSom Albufera\u00bb de Bodegas Vicente Gand\u00eda<\/a>,<\/strong> centrat en accions de voluntariat i divulgaci\u00f3. D\u2019altra banda, dins de la col\u00b7laboraci\u00f3 dels agricultors del Tancat de l\u2019Estell, la majoria propietaris d\u2019unes poques fanecades, destaca el comprom\u00eds de participaci\u00f3 des d\u2019un enfocament t\u00e8cnic i empresarial <strong>d\u2019<a href=\"https:\/\/ricetartana.com\/va\/inici\/\">Arroz Tartana<\/a><\/strong> i <strong><a href=\"https:\/\/satmuceval.com\/\">Muceval<\/a>,<\/strong> empreses que gestionen una part molt significativa d\u2019esta superf\u00edcie arrossera de tres-centes hect\u00e0rees.<\/p>\n\n\n\n<p><\/p>\n","protected":false},"excerpt":{"rendered":"<p>El projecte del Tancat de l\u2019Estell es consolida gr\u00e0cies al suport de la Fundaci\u00f3 Bancaixa i CaixaBank mitjan\u00e7ant la IV Convocat\u00f2ria Mediambiental. Mitjan\u00e7ant un acord de cust\u00f2dia del territori, la Comunitat de Regants de l\u2019Estell i Rojas i la Fundaci\u00f3 Assut treballen conjuntament des de 2011 orientades doblement cap al benefici de l\u2019activitat agr\u00edcola i la millora del paisatge i la biodiversitat.<\/p>\n","protected":false},"author":5,"featured_media":239224,"comment_status":"closed","ping_status":"open","sticky":false,"template":"","format":"standard","meta":{"_et_pb_use_builder":"off","_et_pb_old_content":"","_et_gb_content_width":"","footnotes":""},"categories":[87],"tags":[],"class_list":["post-239222","post","type-post","status-publish","format-standard","has-post-thumbnail","hentry","category-noticies"],"_links":{"self":[{"href":"https:\/\/fundacioassut.org\/index.php?rest_route=\/wp\/v2\/posts\/239222","targetHints":{"allow":["GET"]}}],"collection":[{"href":"https:\/\/fundacioassut.org\/index.php?rest_route=\/wp\/v2\/posts"}],"about":[{"href":"https:\/\/fundacioassut.org\/index.php?rest_route=\/wp\/v2\/types\/post"}],"author":[{"embeddable":true,"href":"https:\/\/fundacioassut.org\/index.php?rest_route=\/wp\/v2\/users\/5"}],"replies":[{"embeddable":true,"href":"https:\/\/fundacioassut.org\/index.php?rest_route=%2Fwp%2Fv2%2Fcomments&post=239222"}],"version-history":[{"count":11,"href":"https:\/\/fundacioassut.org\/index.php?rest_route=\/wp\/v2\/posts\/239222\/revisions"}],"predecessor-version":[{"id":239245,"href":"https:\/\/fundacioassut.org\/index.php?rest_route=\/wp\/v2\/posts\/239222\/revisions\/239245"}],"wp:featuredmedia":[{"embeddable":true,"href":"https:\/\/fundacioassut.org\/index.php?rest_route=\/wp\/v2\/media\/239224"}],"wp:attachment":[{"href":"https:\/\/fundacioassut.org\/index.php?rest_route=%2Fwp%2Fv2%2Fmedia&parent=239222"}],"wp:term":[{"taxonomy":"category","embeddable":true,"href":"https:\/\/fundacioassut.org\/index.php?rest_route=%2Fwp%2Fv2%2Fcategories&post=239222"},{"taxonomy":"post_tag","embeddable":true,"href":"https:\/\/fundacioassut.org\/index.php?rest_route=%2Fwp%2Fv2%2Ftags&post=239222"}],"curies":[{"name":"wp","href":"https:\/\/api.w.org\/{rel}","templated":true}]}}