{"id":239483,"date":"2025-01-31T15:49:54","date_gmt":"2025-01-31T13:49:54","guid":{"rendered":"https:\/\/fundacioassut.org\/?p=239483"},"modified":"2025-01-31T15:50:17","modified_gmt":"2025-01-31T13:50:17","slug":"dia-mundial-dels-aiguamolls","status":"publish","type":"post","link":"https:\/\/fundacioassut.org\/?p=239483","title":{"rendered":"Dia Mundial dels Aiguamolls"},"content":{"rendered":"\n<p><strong>Diumenge 2 de febrer \u00b7 10-17:30 h.<br><\/strong><\/p>\n\n\n\n<p>\u00abProtegir els aiguamolls per al nostre futur com\u00fa\u00bb \u00e9s el lema amb el qual es commemora enguany el Dia Mundial dels Aiguamolls. Per aix\u00f2, ens sumem al manifest i a la jornada de participaci\u00f3, reivindicaci\u00f3 i debat que, sota la consigna \u00abSense l\u2019Albufera no hi ha futur\u00bb, han organitzat Acci\u00f3 Ecologista-Agr\u00f3, Ecologistes en Acci\u00f3, X\u00faquer Viu i Per l\u2019Horta i hem subscrit diferents entitats.<\/p>\n\n\n\n<div style=\"height:10px\" aria-hidden=\"true\" class=\"wp-block-spacer\"><\/div>\n\n\n\n<figure class=\"wp-block-image size-large is-resized\"><img loading=\"lazy\" decoding=\"async\" src=\"https:\/\/fundacioassut.org\/wp-content\/uploads\/2025\/01\/DMA-FB-2025-val.jpg\" alt=\"\" class=\"wp-image-239484\" width=\"821\" height=\"431\"\/><\/figure>\n\n\n\n<div style=\"height:16px\" aria-hidden=\"true\" class=\"wp-block-spacer\"><\/div>\n\n\n\n<p><strong>Programaci\u00f3:<\/strong><\/p>\n\n\n\n<ul class=\"wp-block-list\"><li><strong>10 h. Inici a la zona de la marjal nord de l&#8217;Albufera &#8211; Port de Catarroja: <a href=\"https:\/\/maps.app.goo.gl\/95bPkApxuapTh4Lf8\">Maps<\/a>.<\/strong><\/li><\/ul>\n\n\n\n<p>Acci\u00f3 de ci\u00e8ncia ciutadana per <strong>avaluar l&#8217;impacte dels residus i contaminants<\/strong> en l&#8217;espai protegit (arrossars i s\u00e9quies, no es realitzen activitats al llac).\u00a0<\/p>\n\n\n\n<ul class=\"wp-block-list\"><li><strong>13:30 h. \u201cPhotocall\u201d. <\/strong>Lectura Manifest. Foto conjunta amb els residus classificats recollits extrets i\/o seleccionats exposats<\/li><\/ul>\n\n\n\n<ul class=\"wp-block-list\"><li><strong>14:00 h. Acudir amb els autobusos i vehicles fins a la Font Baixa,<\/strong> fem un altra foto i escoltem els relats de les ve\u00efnes de l\u2019efecte esponja que ha fet aquest espai en el moment de la inundaci\u00f3. Anem a peu al lloc de dinar, est\u00e0 a 5 minuts.<\/li><\/ul>\n\n\n\n<ul class=\"wp-block-list\"><li><strong>14:30h. Dinar al Centre Instructiu Musical d\u2019Alfafar\u00a0<\/strong>(paella de verdures, amanida, beguda i taronja a un preu de 10 euros en efectiu.)<\/li><\/ul>\n\n\n\n<ul class=\"wp-block-list\"><li><strong>16:00 h. Jornada en el CIM d\u2019Alfafar.\u00a0<\/strong><\/li><\/ul>\n\n\n\n<div style=\"height:17px\" aria-hidden=\"true\" class=\"wp-block-spacer\"><\/div>\n\n\n\n<p><strong>Apunta&#8217;t ac\u00ed:<\/strong> <strong><a href=\"https:\/\/docs.google.com\/forms\/d\/e\/1FAIpQLSd-nhsougkWjam3AjEK2f6sKoq-1mbfC8Ypb9OLlJ3IRIDfnA\/viewform\">Inscripcions<\/a><\/strong>.<\/p>\n\n\n\n<div style=\"height:8px\" aria-hidden=\"true\" class=\"wp-block-spacer\"><\/div>\n\n\n\n<figure class=\"wp-block-image size-large\"><img loading=\"lazy\" decoding=\"async\" width=\"1024\" height=\"1024\" src=\"https:\/\/fundacioassut.org\/wp-content\/uploads\/2025\/01\/Imagen-de-WhatsApp-2025-01-22-a-las-12.24.39_348a978d-1024x1024.jpg\" alt=\"\" class=\"wp-image-239486\" srcset=\"https:\/\/fundacioassut.org\/wp-content\/uploads\/2025\/01\/Imagen-de-WhatsApp-2025-01-22-a-las-12.24.39_348a978d-1024x1024.jpg 1024w, https:\/\/fundacioassut.org\/wp-content\/uploads\/2025\/01\/Imagen-de-WhatsApp-2025-01-22-a-las-12.24.39_348a978d-980x980.jpg 980w, https:\/\/fundacioassut.org\/wp-content\/uploads\/2025\/01\/Imagen-de-WhatsApp-2025-01-22-a-las-12.24.39_348a978d-480x480.jpg 480w\" sizes=\"(min-width: 0px) and (max-width: 480px) 480px, (min-width: 481px) and (max-width: 980px) 980px, (min-width: 981px) 1024px, 100vw\" \/><\/figure>\n\n\n\n<figure class=\"wp-block-image size-large\"><img loading=\"lazy\" decoding=\"async\" width=\"1024\" height=\"1024\" src=\"https:\/\/fundacioassut.org\/wp-content\/uploads\/2025\/01\/Imagen-de-WhatsApp-2025-01-28-a-las-12.42.13_97085738-1024x1024.jpg\" alt=\"\" class=\"wp-image-239487\" srcset=\"https:\/\/fundacioassut.org\/wp-content\/uploads\/2025\/01\/Imagen-de-WhatsApp-2025-01-28-a-las-12.42.13_97085738-1024x1024.jpg 1024w, https:\/\/fundacioassut.org\/wp-content\/uploads\/2025\/01\/Imagen-de-WhatsApp-2025-01-28-a-las-12.42.13_97085738-980x980.jpg 980w, https:\/\/fundacioassut.org\/wp-content\/uploads\/2025\/01\/Imagen-de-WhatsApp-2025-01-28-a-las-12.42.13_97085738-480x480.jpg 480w\" sizes=\"(min-width: 0px) and (max-width: 480px) 480px, (min-width: 481px) and (max-width: 980px) 980px, (min-width: 981px) 1024px, 100vw\" \/><\/figure>\n\n\n\n<p><\/p>\n","protected":false},"excerpt":{"rendered":"<p>Diumenge 2 de febrer \u00b7 10-17:30 h. \u00abProtegir els aiguamolls per al nostre futur com\u00fa\u00bb \u00e9s el lema amb el qual es commemora enguany el Dia Mundial dels Aiguamolls. Per aix\u00f2, ens sumem al manifest i a la jornada de participaci\u00f3, reivindicaci\u00f3 i debat que, sota la consigna \u00abSense l\u2019Albufera no hi ha futur\u00bb, han [&hellip;]<\/p>\n","protected":false},"author":5,"featured_media":239485,"comment_status":"closed","ping_status":"open","sticky":false,"template":"","format":"standard","meta":{"_et_pb_use_builder":"off","_et_pb_old_content":"","_et_gb_content_width":"","footnotes":""},"categories":[89],"tags":[],"class_list":["post-239483","post","type-post","status-publish","format-standard","has-post-thumbnail","hentry","category-convocatories"],"_links":{"self":[{"href":"https:\/\/fundacioassut.org\/index.php?rest_route=\/wp\/v2\/posts\/239483","targetHints":{"allow":["GET"]}}],"collection":[{"href":"https:\/\/fundacioassut.org\/index.php?rest_route=\/wp\/v2\/posts"}],"about":[{"href":"https:\/\/fundacioassut.org\/index.php?rest_route=\/wp\/v2\/types\/post"}],"author":[{"embeddable":true,"href":"https:\/\/fundacioassut.org\/index.php?rest_route=\/wp\/v2\/users\/5"}],"replies":[{"embeddable":true,"href":"https:\/\/fundacioassut.org\/index.php?rest_route=%2Fwp%2Fv2%2Fcomments&post=239483"}],"version-history":[{"count":2,"href":"https:\/\/fundacioassut.org\/index.php?rest_route=\/wp\/v2\/posts\/239483\/revisions"}],"predecessor-version":[{"id":239489,"href":"https:\/\/fundacioassut.org\/index.php?rest_route=\/wp\/v2\/posts\/239483\/revisions\/239489"}],"wp:featuredmedia":[{"embeddable":true,"href":"https:\/\/fundacioassut.org\/index.php?rest_route=\/wp\/v2\/media\/239485"}],"wp:attachment":[{"href":"https:\/\/fundacioassut.org\/index.php?rest_route=%2Fwp%2Fv2%2Fmedia&parent=239483"}],"wp:term":[{"taxonomy":"category","embeddable":true,"href":"https:\/\/fundacioassut.org\/index.php?rest_route=%2Fwp%2Fv2%2Fcategories&post=239483"},{"taxonomy":"post_tag","embeddable":true,"href":"https:\/\/fundacioassut.org\/index.php?rest_route=%2Fwp%2Fv2%2Ftags&post=239483"}],"curies":[{"name":"wp","href":"https:\/\/api.w.org\/{rel}","templated":true}]}}