{"id":239549,"date":"2025-02-24T14:33:58","date_gmt":"2025-02-24T12:33:58","guid":{"rendered":"https:\/\/fundacioassut.org\/?p=239549"},"modified":"2025-03-24T14:18:35","modified_gmt":"2025-03-24T12:18:35","slug":"la-pesca-artesanal-2","status":"publish","type":"post","link":"https:\/\/fundacioassut.org\/?p=239549","title":{"rendered":"La pesca artesanal"},"content":{"rendered":"\n<p><strong>Dissabte 29 de mar\u00e7 \u00b7 9:30 &#8211; 13:30 h.<\/strong><\/p>\n\n\n\n<p>Descobrirem la hist\u00f2rica relaci\u00f3 del Palmar i l\u2019Albufera amb la pesca, el principal aprofitament econ\u00f2mic del llac durant segles; la seua extensa tradici\u00f3, la identificaci\u00f3 amb el medi i la societat en la qual s\u2019inscriu, les peculiaritats de la seua organitzaci\u00f3 i els seus arts; la navegaci\u00f3, el llenguatge i altres signes propis&#8230; I tamb\u00e9 les seues amenaces.<\/p>\n\n\n\n<p><strong>Punt de trobada:<\/strong> <a rel=\"noreferrer noopener\" href=\"https:\/\/maps.app.goo.gl\/4b2kaBtPBkG4vUjT7\" target=\"_blank\">Trilladora del Tocaio<\/a>&nbsp;(El Palmar).<br><strong>Preu:<\/strong> Activitat gratu\u00efta. Inclou passeig amb barca.<\/p>\n\n\n\n<p><strong><a href=\"https:\/\/form.jotform.com\/250541607765358\" data-type=\"URL\" data-id=\"https:\/\/form.jotform.com\/250541607765358\">Enlla\u00e7 formulari d\u2019inscripci\u00f3<\/a><\/strong><\/p>\n\n\n\n<div style=\"height:21px\" aria-hidden=\"true\" class=\"wp-block-spacer\"><\/div>\n\n\n\n<figure class=\"wp-block-image size-large\"><img loading=\"lazy\" decoding=\"async\" width=\"1024\" height=\"538\" src=\"https:\/\/fundacioassut.org\/wp-content\/uploads\/2025\/03\/Facebook_pesca_val-1024x538.jpg\" alt=\"\" class=\"wp-image-239567\" srcset=\"https:\/\/fundacioassut.org\/wp-content\/uploads\/2025\/03\/Facebook_pesca_val-980x515.jpg 980w, https:\/\/fundacioassut.org\/wp-content\/uploads\/2025\/03\/Facebook_pesca_val-480x252.jpg 480w\" sizes=\"(min-width: 0px) and (max-width: 480px) 480px, (min-width: 481px) and (max-width: 980px) 980px, (min-width: 981px) 1024px, 100vw\" \/><\/figure>\n","protected":false},"excerpt":{"rendered":"<p>Dissabte 29 de mar\u00e7 \u00b7 9:30 &#8211; 13:30 h. Descobrirem la hist\u00f2rica relaci\u00f3 del Palmar i l\u2019Albufera amb la pesca, el principal aprofitament econ\u00f2mic del llac durant segles; la seua extensa tradici\u00f3, la identificaci\u00f3 amb el medi i la societat en la qual s\u2019inscriu, les peculiaritats de la seua organitzaci\u00f3 i els seus arts; la [&hellip;]<\/p>\n","protected":false},"author":5,"featured_media":239550,"comment_status":"closed","ping_status":"open","sticky":false,"template":"","format":"standard","meta":{"_et_pb_use_builder":"off","_et_pb_old_content":"","_et_gb_content_width":"","footnotes":""},"categories":[89],"tags":[],"class_list":["post-239549","post","type-post","status-publish","format-standard","has-post-thumbnail","hentry","category-convocatories"],"_links":{"self":[{"href":"https:\/\/fundacioassut.org\/index.php?rest_route=\/wp\/v2\/posts\/239549","targetHints":{"allow":["GET"]}}],"collection":[{"href":"https:\/\/fundacioassut.org\/index.php?rest_route=\/wp\/v2\/posts"}],"about":[{"href":"https:\/\/fundacioassut.org\/index.php?rest_route=\/wp\/v2\/types\/post"}],"author":[{"embeddable":true,"href":"https:\/\/fundacioassut.org\/index.php?rest_route=\/wp\/v2\/users\/5"}],"replies":[{"embeddable":true,"href":"https:\/\/fundacioassut.org\/index.php?rest_route=%2Fwp%2Fv2%2Fcomments&post=239549"}],"version-history":[{"count":3,"href":"https:\/\/fundacioassut.org\/index.php?rest_route=\/wp\/v2\/posts\/239549\/revisions"}],"predecessor-version":[{"id":239569,"href":"https:\/\/fundacioassut.org\/index.php?rest_route=\/wp\/v2\/posts\/239549\/revisions\/239569"}],"wp:featuredmedia":[{"embeddable":true,"href":"https:\/\/fundacioassut.org\/index.php?rest_route=\/wp\/v2\/media\/239550"}],"wp:attachment":[{"href":"https:\/\/fundacioassut.org\/index.php?rest_route=%2Fwp%2Fv2%2Fmedia&parent=239549"}],"wp:term":[{"taxonomy":"category","embeddable":true,"href":"https:\/\/fundacioassut.org\/index.php?rest_route=%2Fwp%2Fv2%2Fcategories&post=239549"},{"taxonomy":"post_tag","embeddable":true,"href":"https:\/\/fundacioassut.org\/index.php?rest_route=%2Fwp%2Fv2%2Ftags&post=239549"}],"curies":[{"name":"wp","href":"https:\/\/api.w.org\/{rel}","templated":true}]}}