{"id":239683,"date":"2025-10-01T18:18:41","date_gmt":"2025-10-01T16:18:41","guid":{"rendered":"https:\/\/fundacioassut.org\/?p=239683"},"modified":"2025-10-01T18:28:56","modified_gmt":"2025-10-01T16:28:56","slug":"dia-mundial-de-les-aus-migratories","status":"publish","type":"post","link":"https:\/\/fundacioassut.org\/?p=239683","title":{"rendered":"Dia Mundial de les Aus Migrat\u00f2ries"},"content":{"rendered":"\n<p>Dijous 9 d&#8217;octubre \u00b7 10 \u2013 13 h.<\/p>\n\n\n\n<p>Celebrem el Dia Mundial de les Aus Migrat\u00f2ries, centrat enguany en la import\u00e0ncia que les ciutats i comunitats adaptem i promoguem per a elles entorns favorables, i a con\u00e9ixer el projecte <a href=\"https:\/\/fundacioassut.org\/project\/arrossars-de-pas\/\"><strong>\u00abArrossars de pas\u00bb<\/strong><\/a>, una iniciativa de la Fundaci\u00f3 Assut que, precisament, pret\u00e9n millorar l&#8217;h\u00e0bitat per a l&#8217;alimentaci\u00f3 i el descans de moltes esp\u00e8cies, principalment lim\u00edcoles, que recalen a l\u2019Albufera durant el temps que dura la campanya de l&#8217;arr\u00f2s.<\/p>\n\n\n\n<p><strong>Punt de trobada:<\/strong> Aparcament de l\u2019estany del Pujol (la Devesa). Coordenades: 39.3475, -0.3185. <a href=\"https:\/\/maps.app.goo.gl\/szUL5Tej6kRoBFNm6\" data-type=\"URL\" data-id=\"https:\/\/maps.app.goo.gl\/szUL5Tej6kRoBFNm6\">(Mapa)<\/a>.<\/p>\n\n\n\n<p><strong>Duraci\u00f3<\/strong>: 3 hores, aprox.<\/p>\n\n\n\n<p><strong>Preu<\/strong>: Activitat gratu\u00efta. Places limitades.<\/p>\n\n\n\n<p><strong>Col\u00b7laboren: <a href=\"https:\/\/www.numenius.tours\/\">Numenius Tours<\/a><\/strong>, <strong><a href=\"https:\/\/www.visitnatura.com\/\">Visit Natura<\/a><\/strong> i <strong>Comunitat de Regants del Tancat de l&#8217;Alcat\u00ed<\/strong>.<\/p>\n\n\n\n<p><strong><a href=\"https:\/\/form.jotform.com\/250541607765358\" data-type=\"URL\" data-id=\"https:\/\/form.jotform.com\/250541607765358\">Enlla\u00e7 formulari d&#8217;inscripci\u00f3<\/a><\/strong><\/p>\n\n\n\n<figure class=\"wp-block-image size-large\"><img loading=\"lazy\" decoding=\"async\" width=\"819\" height=\"1024\" src=\"https:\/\/fundacioassut.org\/wp-content\/uploads\/2025\/10\/DiaMundialdelasAves_val-819x1024.jpg\" alt=\"\" class=\"wp-image-239684\"\/><\/figure>\n\n\n\n<div style=\"height:63px\" aria-hidden=\"true\" class=\"wp-block-spacer\"><\/div>\n\n\n\n<h3 class=\"wp-block-heading\"><strong>Arrossars de pas: illes per a les aus migrat\u00f2ries en un mar d\u2019arr\u00f2s<\/strong><\/h3>\n\n\n\n<p>A l\u2019Albufera, on conflu\u00efxen les rutes migrat\u00f2ries que discorren pel Mediterrani i l&#8217;Atl\u00e0ntic Est, l&#8217;arrossar facilita la pres\u00e8ncia permanent d&#8217;una abundant avifauna aqu\u00e0tica i \u00e9s clau per a l&#8217;alimentaci\u00f3 i el descans de milers d\u2019aus que es desplacen entre els llocs de nidificaci\u00f3 del centre i nord d&#8217;Europa i els d&#8217;hivernada a \u00c0frica.<\/p>\n\n\n\n<p><strong>L\u2019objectiu<\/strong><\/p>\n\n\n\n<p>Millorar l&#8217;h\u00e0bitat per a l&#8217;alimentaci\u00f3 i el descans de les aus migrat\u00f2ries que recalen a l\u2019Albufera durant, aproximadament, el temps que dura la campanya de l&#8217;arr\u00f2s.<\/p>\n\n\n\n<p><strong>Per qu\u00e8?<\/strong><\/p>\n\n\n\n<p>En l&#8217;\u00e8poca de cultiu, entre maig i octubre, l&#8217;arrossar (marjal) de l\u2019Albufera es convertix en un tap\u00eds impenetrable per a moltes aus que s&#8217;alimenten en el llim i el fang.<\/p>\n\n\n\n<p><strong>Com?<\/strong><\/p>\n\n\n\n<p>Cada temporada, enmig d&#8217;esta espessor, sol haver-hi sempre algun camp on la sembra falla. En el projecte, tractem de localitzar estos camps i parlar amb els propietaris perqu\u00e8 els fanguegen, una faena que l&#8217;agricultor ha de fer abans o despr\u00e9s.<\/p>\n\n\n\n<p><strong>Per a qu\u00e8?<\/strong><\/p>\n\n\n\n<p>Un camp amb una fina capa d&#8217;aigua i fanguejat esdev\u00e9 un valu\u00f3s espai de superviv\u00e8ncia per a les aus lim\u00edcoles (de vegades, fins a 500 poden vore&#8217;s en un camp), grup d&#8217;esp\u00e8cies migrat\u00f2ries que busquen l\u2019aliment en el fang.<\/p>\n\n\n\n<p><strong>Un benefici doble<\/strong><\/p>\n\n\n\n<p>Els agricultors es veuen tamb\u00e9 afavorits per la mesura, ja que la fanguej\u00e0 dels arrossars \u00e9s una pr\u00e0ctica habitual que ajuda a preparar els camps per a la campanya seg\u00fcent.<\/p>\n\n\n\n<p>La iniciativa \u00e9s un exemple de com l&#8217;activitat agr\u00edcola en un medi productiu pot afavorir la biodiversitat. La simbiosi entre arr\u00f2s i naturalesa \u00e9s, en este cas, perfecta. Este \u00e9s, en gran part, l&#8217;objectiu de la Fundaci\u00f3 Assut.<\/p>\n","protected":false},"excerpt":{"rendered":"<p>Dijous 9 d&#8217;octubre \u00b7 10 \u2013 13 h. Celebrem el Dia Mundial de les Aus Migrat\u00f2ries, centrat enguany en la import\u00e0ncia que les ciutats i comunitats adaptem i promoguem per a elles entorns favorables, i a con\u00e9ixer el projecte \u00abArrossars de pas\u00bb, una iniciativa de la Fundaci\u00f3 Assut que, precisament, pret\u00e9n millorar l&#8217;h\u00e0bitat per a [&hellip;]<\/p>\n","protected":false},"author":5,"featured_media":239681,"comment_status":"closed","ping_status":"open","sticky":false,"template":"","format":"standard","meta":{"_et_pb_use_builder":"off","_et_pb_old_content":"","_et_gb_content_width":"","footnotes":""},"categories":[89],"tags":[],"class_list":["post-239683","post","type-post","status-publish","format-standard","has-post-thumbnail","hentry","category-convocatories"],"_links":{"self":[{"href":"https:\/\/fundacioassut.org\/index.php?rest_route=\/wp\/v2\/posts\/239683","targetHints":{"allow":["GET"]}}],"collection":[{"href":"https:\/\/fundacioassut.org\/index.php?rest_route=\/wp\/v2\/posts"}],"about":[{"href":"https:\/\/fundacioassut.org\/index.php?rest_route=\/wp\/v2\/types\/post"}],"author":[{"embeddable":true,"href":"https:\/\/fundacioassut.org\/index.php?rest_route=\/wp\/v2\/users\/5"}],"replies":[{"embeddable":true,"href":"https:\/\/fundacioassut.org\/index.php?rest_route=%2Fwp%2Fv2%2Fcomments&post=239683"}],"version-history":[{"count":6,"href":"https:\/\/fundacioassut.org\/index.php?rest_route=\/wp\/v2\/posts\/239683\/revisions"}],"predecessor-version":[{"id":239698,"href":"https:\/\/fundacioassut.org\/index.php?rest_route=\/wp\/v2\/posts\/239683\/revisions\/239698"}],"wp:featuredmedia":[{"embeddable":true,"href":"https:\/\/fundacioassut.org\/index.php?rest_route=\/wp\/v2\/media\/239681"}],"wp:attachment":[{"href":"https:\/\/fundacioassut.org\/index.php?rest_route=%2Fwp%2Fv2%2Fmedia&parent=239683"}],"wp:term":[{"taxonomy":"category","embeddable":true,"href":"https:\/\/fundacioassut.org\/index.php?rest_route=%2Fwp%2Fv2%2Fcategories&post=239683"},{"taxonomy":"post_tag","embeddable":true,"href":"https:\/\/fundacioassut.org\/index.php?rest_route=%2Fwp%2Fv2%2Ftags&post=239683"}],"curies":[{"name":"wp","href":"https:\/\/api.w.org\/{rel}","templated":true}]}}