{"id":239700,"date":"2025-10-07T13:19:25","date_gmt":"2025-10-07T11:19:25","guid":{"rendered":"https:\/\/fundacioassut.org\/?p=239700"},"modified":"2025-10-07T14:21:55","modified_gmt":"2025-10-07T12:21:55","slug":"tens-un-xicotet-comerc-o-empresa-a-lhorta-sud","status":"publish","type":"post","link":"https:\/\/fundacioassut.org\/?p=239700","title":{"rendered":"Tens un xicotet comer\u00e7 o empresa a l&#8217;Horta Sud?"},"content":{"rendered":"\n<p>Aprofita l&#8217;oportunitat de donar visibilitat al teu negoci de manera gratu\u00efta. Participa en la guia de servicis del pr\u00f2xim n\u00famero de <em><a href=\"https:\/\/lamfibi.org\/\">L\u2019Amfibi, el peri\u00f3dic de l\u2019Albufera<\/a><\/em>.<\/p>\n\n\n\n<p>Esta acci\u00f3 forma part de TRANSFORMEM EN XARXA 2025, impulsada per la Fundaci\u00f3 Horta Sud, una iniciativa orientada a la reactivaci\u00f3 de les zones afectades per la DANA, treballant des del teixit social per a enfortir l&#8217;economia local i la comunitat.<\/p>\n\n\n\n<p>Informa&#8217;t i inscriu-te ac\u00ed: <a href=\"https:\/\/form.jotform.com\/252504582157053\">https:\/\/form.jotform.com\/252504582157053<\/a><\/p>\n\n\n\n<figure class=\"wp-block-image size-large\"><img loading=\"lazy\" decoding=\"async\" width=\"819\" height=\"1024\" src=\"https:\/\/fundacioassut.org\/wp-content\/uploads\/2025\/10\/Guiacomercios_val-819x1024.jpg\" alt=\"\" class=\"wp-image-239702\"\/><\/figure>\n","protected":false},"excerpt":{"rendered":"<p>Aprofita l&#8217;oportunitat de donar visibilitat al teu negoci de manera gratu\u00efta. Participa en la guia de servicis del pr\u00f2xim n\u00famero de L\u2019Amfibi, el peri\u00f3dic de l\u2019Albufera. Esta acci\u00f3 forma part de TRANSFORMEM EN XARXA 2025, impulsada per la Fundaci\u00f3 Horta Sud, una iniciativa orientada a la reactivaci\u00f3 de les zones afectades per la DANA, treballant [&hellip;]<\/p>\n","protected":false},"author":5,"featured_media":239704,"comment_status":"closed","ping_status":"open","sticky":false,"template":"","format":"standard","meta":{"_et_pb_use_builder":"off","_et_pb_old_content":"","_et_gb_content_width":"","footnotes":""},"categories":[89],"tags":[],"class_list":["post-239700","post","type-post","status-publish","format-standard","has-post-thumbnail","hentry","category-convocatories"],"_links":{"self":[{"href":"https:\/\/fundacioassut.org\/index.php?rest_route=\/wp\/v2\/posts\/239700","targetHints":{"allow":["GET"]}}],"collection":[{"href":"https:\/\/fundacioassut.org\/index.php?rest_route=\/wp\/v2\/posts"}],"about":[{"href":"https:\/\/fundacioassut.org\/index.php?rest_route=\/wp\/v2\/types\/post"}],"author":[{"embeddable":true,"href":"https:\/\/fundacioassut.org\/index.php?rest_route=\/wp\/v2\/users\/5"}],"replies":[{"embeddable":true,"href":"https:\/\/fundacioassut.org\/index.php?rest_route=%2Fwp%2Fv2%2Fcomments&post=239700"}],"version-history":[{"count":3,"href":"https:\/\/fundacioassut.org\/index.php?rest_route=\/wp\/v2\/posts\/239700\/revisions"}],"predecessor-version":[{"id":239710,"href":"https:\/\/fundacioassut.org\/index.php?rest_route=\/wp\/v2\/posts\/239700\/revisions\/239710"}],"wp:featuredmedia":[{"embeddable":true,"href":"https:\/\/fundacioassut.org\/index.php?rest_route=\/wp\/v2\/media\/239704"}],"wp:attachment":[{"href":"https:\/\/fundacioassut.org\/index.php?rest_route=%2Fwp%2Fv2%2Fmedia&parent=239700"}],"wp:term":[{"taxonomy":"category","embeddable":true,"href":"https:\/\/fundacioassut.org\/index.php?rest_route=%2Fwp%2Fv2%2Fcategories&post=239700"},{"taxonomy":"post_tag","embeddable":true,"href":"https:\/\/fundacioassut.org\/index.php?rest_route=%2Fwp%2Fv2%2Ftags&post=239700"}],"curies":[{"name":"wp","href":"https:\/\/api.w.org\/{rel}","templated":true}]}}