{"id":239758,"date":"2025-12-09T14:12:56","date_gmt":"2025-12-09T12:12:56","guid":{"rendered":"https:\/\/fundacioassut.org\/?p=239758"},"modified":"2025-12-09T14:12:59","modified_gmt":"2025-12-09T12:12:59","slug":"jornada-de-plantacio-de-lliri-groc","status":"publish","type":"post","link":"https:\/\/fundacioassut.org\/?p=239758","title":{"rendered":"Jornada de plantaci\u00f3 de lliri groc"},"content":{"rendered":"\n<p>Dissabte 13 desembre \u00b7 10 &#8211; 12 h.<\/p>\n\n\n\n<p>Quin millor pla per a un dissabte de mat\u00ed que tirar una m\u00e0 en la conservaci\u00f3 de l\u2019Albufera. Et convidem a participar en la plantaci\u00f3 de lliri groc, una esp\u00e8cie clau per a mantindre els m\u00e0rgens de les s\u00e9quies, millorar la qualitat de l\u2019aigua i afavorir la biodiversitat de l\u2019entorn. Una activitat senzilla que mostra que, des de la ciutadania, es pot contribuir a cuidar el nostre territori. Fes teu el teu paisatge!<\/p>\n\n\n\n<p><strong>Punt de trobada<\/strong>: Alfafar (<a href=\"https:\/\/maps.app.goo.gl\/GWSat4MSTLJUXaEk8\" data-type=\"URL\" data-id=\"https:\/\/maps.app.goo.gl\/GWSat4MSTLJUXaEk8\">Coordenades 39.411509, -0.353685<\/a>).<\/p>\n\n\n\n<p><strong>Preu<\/strong>: Activitat gratu\u00efta. Places limitades. Els materials necessaris per a fer l&#8217;activitat seran proporcionades per la Fundaci\u00f3 Assut.<\/p>\n\n\n\n<p><strong>Contacte<\/strong>: 621481307\/cerca@fundacioassut.org<\/p>\n\n\n\n<p><a href=\"https:\/\/form.jotform.com\/253382009145352\" data-type=\"URL\" data-id=\"https:\/\/form.jotform.com\/253382009145352\"><strong>Inscriu-te ac\u00ed<\/strong><\/a><\/p>\n\n\n\n<figure class=\"wp-block-image size-large\"><img loading=\"lazy\" decoding=\"async\" width=\"786\" height=\"1024\" src=\"https:\/\/fundacioassut.org\/wp-content\/uploads\/2025\/12\/VoluntariatPlantacionLirio_13.12-786x1024.jpg\" alt=\"\" class=\"wp-image-239771\"\/><\/figure>\n","protected":false},"excerpt":{"rendered":"<p>Dissabte 13 desembre \u00b7 10 &#8211; 12 h. Quin millor pla per a un dissabte de mat\u00ed que tirar una m\u00e0 en la conservaci\u00f3 de l\u2019Albufera. Et convidem a participar en la plantaci\u00f3 de lliri groc, una esp\u00e8cie clau per a mantindre els m\u00e0rgens de les s\u00e9quies, millorar la qualitat de l\u2019aigua i afavorir la [&hellip;]<\/p>\n","protected":false},"author":5,"featured_media":239756,"comment_status":"closed","ping_status":"open","sticky":false,"template":"","format":"standard","meta":{"_et_pb_use_builder":"off","_et_pb_old_content":"","_et_gb_content_width":"","footnotes":""},"categories":[89],"tags":[],"class_list":["post-239758","post","type-post","status-publish","format-standard","has-post-thumbnail","hentry","category-convocatories"],"_links":{"self":[{"href":"https:\/\/fundacioassut.org\/index.php?rest_route=\/wp\/v2\/posts\/239758","targetHints":{"allow":["GET"]}}],"collection":[{"href":"https:\/\/fundacioassut.org\/index.php?rest_route=\/wp\/v2\/posts"}],"about":[{"href":"https:\/\/fundacioassut.org\/index.php?rest_route=\/wp\/v2\/types\/post"}],"author":[{"embeddable":true,"href":"https:\/\/fundacioassut.org\/index.php?rest_route=\/wp\/v2\/users\/5"}],"replies":[{"embeddable":true,"href":"https:\/\/fundacioassut.org\/index.php?rest_route=%2Fwp%2Fv2%2Fcomments&post=239758"}],"version-history":[{"count":5,"href":"https:\/\/fundacioassut.org\/index.php?rest_route=\/wp\/v2\/posts\/239758\/revisions"}],"predecessor-version":[{"id":239772,"href":"https:\/\/fundacioassut.org\/index.php?rest_route=\/wp\/v2\/posts\/239758\/revisions\/239772"}],"wp:featuredmedia":[{"embeddable":true,"href":"https:\/\/fundacioassut.org\/index.php?rest_route=\/wp\/v2\/media\/239756"}],"wp:attachment":[{"href":"https:\/\/fundacioassut.org\/index.php?rest_route=%2Fwp%2Fv2%2Fmedia&parent=239758"}],"wp:term":[{"taxonomy":"category","embeddable":true,"href":"https:\/\/fundacioassut.org\/index.php?rest_route=%2Fwp%2Fv2%2Fcategories&post=239758"},{"taxonomy":"post_tag","embeddable":true,"href":"https:\/\/fundacioassut.org\/index.php?rest_route=%2Fwp%2Fv2%2Ftags&post=239758"}],"curies":[{"name":"wp","href":"https:\/\/api.w.org\/{rel}","templated":true}]}}