{"id":239782,"date":"2026-01-22T12:43:39","date_gmt":"2026-01-22T10:43:39","guid":{"rendered":"https:\/\/fundacioassut.org\/?p=239782"},"modified":"2026-02-01T12:33:35","modified_gmt":"2026-02-01T10:33:35","slug":"dia-dels-aiguamolls","status":"publish","type":"post","link":"https:\/\/fundacioassut.org\/?p=239782","title":{"rendered":"Dia dels Aiguamolls"},"content":{"rendered":"\n<p><strong>Dissabte 31 de gener \u00b7 9:30 &#8211; 13:00<\/strong><\/p>\n\n\n\n<p>Vine a celebrar el Dia dels Aiguamolls al Port de Silla. Dedicarem esta visita a posar en valor la vela llatina, una forma de navegaci\u00f3 tradicional, declarada B\u00e9 d\u2019Inter\u00e9s Cultural Immaterial, estretament vinculada a la pesca i la vida a l\u2019Albufera. Mitjan\u00e7ant esta tradici\u00f3, ens acostarem als coneixements i pr\u00e0ctiques que han modelat este paisatge al llarg del temps.         La visita conclour\u00e0 amb un passeig en barca.<\/p>\n\n\n\n<p><strong>Punt de trobada<\/strong>: Port de Silla. Coordenades: 39.3614, -0.3906 (<a href=\"https:\/\/maps.app.goo.gl\/p9sucQds5F7btoUN6\" data-type=\"URL\" data-id=\"https:\/\/maps.app.goo.gl\/p9sucQds5F7btoUN6\">mapa<\/a>).<\/p>\n\n\n\n<p><strong>Preu<\/strong>: Activitat gratu\u00efta (inclou <em>picaeta <\/em>i passeig en barca). Places limitades.<\/p>\n\n\n\n<p><a href=\"https:\/\/form.jotform.com\/260201948309354\" data-type=\"URL\" data-id=\"https:\/\/form.jotform.com\/260201948309354\">Enlla\u00e7 formulari d&#8217;inscripci\u00f3<\/a><\/p>\n\n\n\n<figure class=\"wp-block-image size-full\"><img loading=\"lazy\" decoding=\"async\" width=\"1080\" height=\"1440\" src=\"https:\/\/fundacioassut.org\/wp-content\/uploads\/2026\/01\/DiaAiguamolls_31.01.2026.jpg\" alt=\"\" class=\"wp-image-239790\" srcset=\"https:\/\/fundacioassut.org\/wp-content\/uploads\/2026\/01\/DiaAiguamolls_31.01.2026.jpg 1080w, https:\/\/fundacioassut.org\/wp-content\/uploads\/2026\/01\/DiaAiguamolls_31.01.2026-980x1307.jpg 980w, https:\/\/fundacioassut.org\/wp-content\/uploads\/2026\/01\/DiaAiguamolls_31.01.2026-480x640.jpg 480w\" sizes=\"(min-width: 0px) and (max-width: 480px) 480px, (min-width: 481px) and (max-width: 980px) 980px, (min-width: 981px) 1080px, 100vw\" \/><\/figure>\n","protected":false},"excerpt":{"rendered":"<p>Dissabte 31 de gener \u00b7 9:30 &#8211; 13:00 Vine a celebrar el Dia dels Aiguamolls al Port de Silla. Dedicarem esta visita a posar en valor la vela llatina, una forma de navegaci\u00f3 tradicional, declarada B\u00e9 d\u2019Inter\u00e9s Cultural Immaterial, estretament vinculada a la pesca i la vida a l\u2019Albufera. Mitjan\u00e7ant esta tradici\u00f3, ens acostarem als [&hellip;]<\/p>\n","protected":false},"author":5,"featured_media":239794,"comment_status":"closed","ping_status":"open","sticky":false,"template":"","format":"standard","meta":{"_et_pb_use_builder":"off","_et_pb_old_content":"","_et_gb_content_width":"","footnotes":""},"categories":[89],"tags":[],"class_list":["post-239782","post","type-post","status-publish","format-standard","has-post-thumbnail","hentry","category-convocatories"],"_links":{"self":[{"href":"https:\/\/fundacioassut.org\/index.php?rest_route=\/wp\/v2\/posts\/239782","targetHints":{"allow":["GET"]}}],"collection":[{"href":"https:\/\/fundacioassut.org\/index.php?rest_route=\/wp\/v2\/posts"}],"about":[{"href":"https:\/\/fundacioassut.org\/index.php?rest_route=\/wp\/v2\/types\/post"}],"author":[{"embeddable":true,"href":"https:\/\/fundacioassut.org\/index.php?rest_route=\/wp\/v2\/users\/5"}],"replies":[{"embeddable":true,"href":"https:\/\/fundacioassut.org\/index.php?rest_route=%2Fwp%2Fv2%2Fcomments&post=239782"}],"version-history":[{"count":4,"href":"https:\/\/fundacioassut.org\/index.php?rest_route=\/wp\/v2\/posts\/239782\/revisions"}],"predecessor-version":[{"id":239826,"href":"https:\/\/fundacioassut.org\/index.php?rest_route=\/wp\/v2\/posts\/239782\/revisions\/239826"}],"wp:featuredmedia":[{"embeddable":true,"href":"https:\/\/fundacioassut.org\/index.php?rest_route=\/wp\/v2\/media\/239794"}],"wp:attachment":[{"href":"https:\/\/fundacioassut.org\/index.php?rest_route=%2Fwp%2Fv2%2Fmedia&parent=239782"}],"wp:term":[{"taxonomy":"category","embeddable":true,"href":"https:\/\/fundacioassut.org\/index.php?rest_route=%2Fwp%2Fv2%2Fcategories&post=239782"},{"taxonomy":"post_tag","embeddable":true,"href":"https:\/\/fundacioassut.org\/index.php?rest_route=%2Fwp%2Fv2%2Ftags&post=239782"}],"curies":[{"name":"wp","href":"https:\/\/api.w.org\/{rel}","templated":true}]}}