{"id":239795,"date":"2026-01-08T16:58:00","date_gmt":"2026-01-08T14:58:00","guid":{"rendered":"https:\/\/fundacioassut.org\/?p=239795"},"modified":"2026-01-27T17:09:24","modified_gmt":"2026-01-27T15:09:24","slug":"conclouen-les-actuacions-de-2025-del-projecte-de-custodia-del-territori-al-tancat-de-lestell","status":"publish","type":"post","link":"https:\/\/fundacioassut.org\/?p=239795","title":{"rendered":"Conclouen les actuacions de 2025 del projecte de cust\u00f2dia del territori al Tancat de l\u2019Estell"},"content":{"rendered":"\n<p>La Fundaci\u00f3 Assut ha concl\u00f2s les actuacions previstes per a 2025 dins del projecte de cust\u00f2dia del territori al Tancat de l\u2019Estell, desenrotllat en col\u00b7laboraci\u00f3 amb <strong><a href=\"https:\/\/realefoundation.org\/es\/\">Reale Foundation<\/a><\/strong>. El projecte ha perm\u00e9s consolidar un model d&#8217;intervenci\u00f3 que integra agricultura de precisi\u00f3, millora de l&#8217;h\u00e0bitat i seguiment ambiental en un dels enclavaments m\u00e9s rellevants del Parc Natural de l\u2019Albufera.<\/p>\n\n\n\n<p>Durant l&#8217;any s&#8217;ha mantingut operativa l&#8217;estaci\u00f3 meteorol\u00f2gica agron\u00f2mica amb tecnologia IoT, la qual cosa ha perm\u00e9s facilitar dades clau als agricultors per a la presa de decisions durant la campanya arrossera. Aix\u00ed mateix, s&#8217;han dut endavant accions espec\u00edfiques per a la creaci\u00f3 d&#8217;h\u00e0bitat temporal per a l&#8217;avifauna associada a l&#8217;arrossar.<\/p>\n\n\n\n<p>En l&#8217;\u00e0mbit del seguiment ambiental, s&#8217;ha continuat el monitoratge ac\u00fastic d&#8217;aus en migraci\u00f3 nocturna, la qual cosa afig nova informaci\u00f3 rellevant per a l&#8217;avaluaci\u00f3 de l&#8217;estat de conservaci\u00f3 de l&#8217;aiguamoll.<\/p>\n\n\n\n<p>El projecte ha incl\u00f2s tamb\u00e9 accions de restauraci\u00f3 ecol\u00f2gica de s\u00e9quies i m\u00e0rgens, amb retirada de residus i esp\u00e8cies invasores, plantaci\u00f3 de vegetaci\u00f3 aut\u00f2ctona i la realitzaci\u00f3 d&#8217;activitats de voluntariat ambiental. La col\u00b7laboraci\u00f3 de Reale Foundation amb la Fundaci\u00f3 Assut permet dur a terme actuacions orientades a la conservaci\u00f3 del patrimoni natural i cultural de l\u2019Albufera.<\/p>\n\n\n\n<p>&#8212;<\/p>\n\n\n\n<p><strong>Peu de foto:<\/strong> Voluntaris de Reale durant una acci\u00f3 de retirada de residus a la vora de l&#8217;Albufera, en el marc del projecte de cust\u00f2dia del Tancat de l&#8217;Estell.<\/p>\n","protected":false},"excerpt":{"rendered":"<p>La Fundaci\u00f3 Assut ha concl\u00f2s les actuacions previstes per a 2025 dins del projecte de cust\u00f2dia del territori al Tancat de l\u2019Estell, desenrotllat en col\u00b7laboraci\u00f3 amb Reale Foundation. El projecte ha perm\u00e9s consolidar un model d&#8217;intervenci\u00f3 que integra agricultura de precisi\u00f3, millora de l&#8217;h\u00e0bitat i seguiment ambiental en un dels enclavaments m\u00e9s rellevants del Parc [&hellip;]<\/p>\n","protected":false},"author":5,"featured_media":239796,"comment_status":"closed","ping_status":"open","sticky":false,"template":"","format":"standard","meta":{"_et_pb_use_builder":"off","_et_pb_old_content":"","_et_gb_content_width":"","footnotes":""},"categories":[87],"tags":[],"class_list":["post-239795","post","type-post","status-publish","format-standard","has-post-thumbnail","hentry","category-noticies"],"_links":{"self":[{"href":"https:\/\/fundacioassut.org\/index.php?rest_route=\/wp\/v2\/posts\/239795","targetHints":{"allow":["GET"]}}],"collection":[{"href":"https:\/\/fundacioassut.org\/index.php?rest_route=\/wp\/v2\/posts"}],"about":[{"href":"https:\/\/fundacioassut.org\/index.php?rest_route=\/wp\/v2\/types\/post"}],"author":[{"embeddable":true,"href":"https:\/\/fundacioassut.org\/index.php?rest_route=\/wp\/v2\/users\/5"}],"replies":[{"embeddable":true,"href":"https:\/\/fundacioassut.org\/index.php?rest_route=%2Fwp%2Fv2%2Fcomments&post=239795"}],"version-history":[{"count":2,"href":"https:\/\/fundacioassut.org\/index.php?rest_route=\/wp\/v2\/posts\/239795\/revisions"}],"predecessor-version":[{"id":239801,"href":"https:\/\/fundacioassut.org\/index.php?rest_route=\/wp\/v2\/posts\/239795\/revisions\/239801"}],"wp:featuredmedia":[{"embeddable":true,"href":"https:\/\/fundacioassut.org\/index.php?rest_route=\/wp\/v2\/media\/239796"}],"wp:attachment":[{"href":"https:\/\/fundacioassut.org\/index.php?rest_route=%2Fwp%2Fv2%2Fmedia&parent=239795"}],"wp:term":[{"taxonomy":"category","embeddable":true,"href":"https:\/\/fundacioassut.org\/index.php?rest_route=%2Fwp%2Fv2%2Fcategories&post=239795"},{"taxonomy":"post_tag","embeddable":true,"href":"https:\/\/fundacioassut.org\/index.php?rest_route=%2Fwp%2Fv2%2Ftags&post=239795"}],"curies":[{"name":"wp","href":"https:\/\/api.w.org\/{rel}","templated":true}]}}