{"id":239814,"date":"2026-02-01T12:31:35","date_gmt":"2026-02-01T10:31:35","guid":{"rendered":"https:\/\/fundacioassut.org\/?p=239814"},"modified":"2026-02-01T13:18:02","modified_gmt":"2026-02-01T11:18:02","slug":"la-perellona","status":"publish","type":"post","link":"https:\/\/fundacioassut.org\/?p=239814","title":{"rendered":"La \u00abperellon\u00e0\u00bb"},"content":{"rendered":"\n<p>Dissabte 7 de febrer \u00b7 10 -12 h.<\/p>\n\n\n\n<p>En hivern, els camps romanen inundats i l\u2019Albufera reflectix com un espill les boires matutines que es dissipen amb el dia. En este temps de la <em>perellon\u00e0<\/em>, en qu\u00e8 l\u2019estany pugna per recuperar la seua extensi\u00f3 anterior a l&#8217;expansi\u00f3 arrossera, l&#8217;aigua s&#8217;apropia del paisatge. Acompanyeu-nos en bici a descobrir la complexa gesti\u00f3 que ho fa possible i a continuar gaudint d&#8217;una Albufera que es mostra canviant i distinta en cada estaci\u00f3.<\/p>\n\n\n\n<p><strong>Punt de trobada: <\/strong><a rel=\"noreferrer noopener\" href=\"https:\/\/maps.app.goo.gl\/YCrJEiu45ZLiRtkw5\" target=\"_blank\">Nissan pista de Silla (Massanassa).<\/a><\/p>\n\n\n\n<p><strong>Preu: <\/strong>Visita gratu\u00efta (amb bici de lloguer, 6 euros)<\/p>\n\n\n\n<p><a href=\"https:\/\/form.jotform.com\/250335427227049\" data-type=\"URL\" data-id=\"https:\/\/form.jotform.com\/250335427227049\">Enlla\u00e7 formulari d\u2019inscripci\u00f3<\/a><\/p>\n\n\n\n<figure class=\"wp-block-image size-full is-style-default\"><img loading=\"lazy\" decoding=\"async\" width=\"1959\" height=\"2560\" src=\"https:\/\/fundacioassut.org\/wp-content\/uploads\/2026\/02\/LaPerellonaval_07.02-1-scaled.jpg\" alt=\"\" class=\"wp-image-239827\" srcset=\"https:\/\/fundacioassut.org\/wp-content\/uploads\/2026\/02\/LaPerellonaval_07.02-1-scaled.jpg 1959w, https:\/\/fundacioassut.org\/wp-content\/uploads\/2026\/02\/LaPerellonaval_07.02-1-1280x1673.jpg 1280w, https:\/\/fundacioassut.org\/wp-content\/uploads\/2026\/02\/LaPerellonaval_07.02-1-980x1281.jpg 980w, https:\/\/fundacioassut.org\/wp-content\/uploads\/2026\/02\/LaPerellonaval_07.02-1-480x627.jpg 480w\" sizes=\"(min-width: 0px) and (max-width: 480px) 480px, (min-width: 481px) and (max-width: 980px) 980px, (min-width: 981px) and (max-width: 1280px) 1280px, (min-width: 1281px) 1959px, 100vw\" \/><\/figure>\n","protected":false},"excerpt":{"rendered":"<p>Dissabte 7 de febrer \u00b7 10 -12 h. En hivern, els camps romanen inundats i l\u2019Albufera reflectix com un espill les boires matutines que es dissipen amb el dia. En este temps de la perellon\u00e0, en qu\u00e8 l\u2019estany pugna per recuperar la seua extensi\u00f3 anterior a l&#8217;expansi\u00f3 arrossera, l&#8217;aigua s&#8217;apropia del paisatge. Acompanyeu-nos en bici [&hellip;]<\/p>\n","protected":false},"author":5,"featured_media":239815,"comment_status":"closed","ping_status":"open","sticky":false,"template":"","format":"standard","meta":{"_et_pb_use_builder":"off","_et_pb_old_content":"","_et_gb_content_width":"","footnotes":""},"categories":[89,58],"tags":[],"class_list":["post-239814","post","type-post","status-publish","format-standard","has-post-thumbnail","hentry","category-convocatories","category-sense-categoria"],"_links":{"self":[{"href":"https:\/\/fundacioassut.org\/index.php?rest_route=\/wp\/v2\/posts\/239814","targetHints":{"allow":["GET"]}}],"collection":[{"href":"https:\/\/fundacioassut.org\/index.php?rest_route=\/wp\/v2\/posts"}],"about":[{"href":"https:\/\/fundacioassut.org\/index.php?rest_route=\/wp\/v2\/types\/post"}],"author":[{"embeddable":true,"href":"https:\/\/fundacioassut.org\/index.php?rest_route=\/wp\/v2\/users\/5"}],"replies":[{"embeddable":true,"href":"https:\/\/fundacioassut.org\/index.php?rest_route=%2Fwp%2Fv2%2Fcomments&post=239814"}],"version-history":[{"count":5,"href":"https:\/\/fundacioassut.org\/index.php?rest_route=\/wp\/v2\/posts\/239814\/revisions"}],"predecessor-version":[{"id":239829,"href":"https:\/\/fundacioassut.org\/index.php?rest_route=\/wp\/v2\/posts\/239814\/revisions\/239829"}],"wp:featuredmedia":[{"embeddable":true,"href":"https:\/\/fundacioassut.org\/index.php?rest_route=\/wp\/v2\/media\/239815"}],"wp:attachment":[{"href":"https:\/\/fundacioassut.org\/index.php?rest_route=%2Fwp%2Fv2%2Fmedia&parent=239814"}],"wp:term":[{"taxonomy":"category","embeddable":true,"href":"https:\/\/fundacioassut.org\/index.php?rest_route=%2Fwp%2Fv2%2Fcategories&post=239814"},{"taxonomy":"post_tag","embeddable":true,"href":"https:\/\/fundacioassut.org\/index.php?rest_route=%2Fwp%2Fv2%2Ftags&post=239814"}],"curies":[{"name":"wp","href":"https:\/\/api.w.org\/{rel}","templated":true}]}}