{"id":239831,"date":"2026-02-09T12:20:39","date_gmt":"2026-02-09T10:20:39","guid":{"rendered":"https:\/\/fundacioassut.org\/?p=239831"},"modified":"2026-02-09T12:44:48","modified_gmt":"2026-02-09T10:44:48","slug":"la-fanqueja","status":"publish","type":"post","link":"https:\/\/fundacioassut.org\/?p=239831","title":{"rendered":"La \u00abfanquej\u00e0\u00bb"},"content":{"rendered":"\n<p>dissabte 14\/febrer \u00b7 9:30-13:30 h.<\/p>\n\n\n\n<p>En acabar el per\u00edode d\u2019inundaci\u00f3 de la marjal i abans que la terra s\u2019eixugue, toca preparar els camps per a una nova campanya arrossera. Els tractors, amb les seues caracter\u00edstiques rodes de g\u00e0bia, incorporen al s\u00f2l la palla que va quedar despr\u00e9s de la sega. Gavines i garses celebren l\u2019esdeveniment, tot un fest\u00ed de crancs, cucs i altres invertebrats.<\/p>\n\n\n\n<p><strong>Punt de trobada:<\/strong><a rel=\"noreferrer noopener\" href=\"https:\/\/maps.app.goo.gl\/tF29hMRgKThg9sA18\" target=\"_blank\">Trilladora del Tocaio (El Palmar).<\/a><\/p>\n\n\n\n<p><strong>Preu: <\/strong>Visita gratu\u00efta (amb bici de lloguer, 6 euros). Places limitades.<\/p>\n\n\n\n<p><strong>Duraci\u00f3<\/strong>: 14 km aprox.<\/p>\n\n\n\n<p><a href=\"https:\/\/form.jotform.com\/260391433236352\" data-type=\"URL\" data-id=\"https:\/\/form.jotform.com\/260391433236352\">Enlla\u00e7 formulari d&#8217;inscripci\u00f3<\/a><\/p>\n\n\n\n<figure class=\"wp-block-image size-full is-style-default\"><img loading=\"lazy\" decoding=\"async\" width=\"1969\" height=\"2560\" src=\"https:\/\/fundacioassut.org\/wp-content\/uploads\/2026\/02\/LaFanguejaval._09.02-scaled.jpg\" alt=\"\" class=\"wp-image-239832\" srcset=\"https:\/\/fundacioassut.org\/wp-content\/uploads\/2026\/02\/LaFanguejaval._09.02-scaled.jpg 1969w, https:\/\/fundacioassut.org\/wp-content\/uploads\/2026\/02\/LaFanguejaval._09.02-1280x1664.jpg 1280w, https:\/\/fundacioassut.org\/wp-content\/uploads\/2026\/02\/LaFanguejaval._09.02-980x1274.jpg 980w, https:\/\/fundacioassut.org\/wp-content\/uploads\/2026\/02\/LaFanguejaval._09.02-480x624.jpg 480w\" sizes=\"(min-width: 0px) and (max-width: 480px) 480px, (min-width: 481px) and (max-width: 980px) 980px, (min-width: 981px) and (max-width: 1280px) 1280px, (min-width: 1281px) 1969px, 100vw\" \/><\/figure>\n","protected":false},"excerpt":{"rendered":"<p>dissabte 14\/febrer \u00b7 9:30-13:30 h. En acabar el per\u00edode d\u2019inundaci\u00f3 de la marjal i abans que la terra s\u2019eixugue, toca preparar els camps per a una nova campanya arrossera. Els tractors, amb les seues caracter\u00edstiques rodes de g\u00e0bia, incorporen al s\u00f2l la palla que va quedar despr\u00e9s de la sega. Gavines i garses celebren l\u2019esdeveniment, [&hellip;]<\/p>\n","protected":false},"author":5,"featured_media":239833,"comment_status":"closed","ping_status":"open","sticky":false,"template":"","format":"standard","meta":{"_et_pb_use_builder":"off","_et_pb_old_content":"","_et_gb_content_width":"","footnotes":""},"categories":[89],"tags":[],"class_list":["post-239831","post","type-post","status-publish","format-standard","has-post-thumbnail","hentry","category-convocatories"],"_links":{"self":[{"href":"https:\/\/fundacioassut.org\/index.php?rest_route=\/wp\/v2\/posts\/239831","targetHints":{"allow":["GET"]}}],"collection":[{"href":"https:\/\/fundacioassut.org\/index.php?rest_route=\/wp\/v2\/posts"}],"about":[{"href":"https:\/\/fundacioassut.org\/index.php?rest_route=\/wp\/v2\/types\/post"}],"author":[{"embeddable":true,"href":"https:\/\/fundacioassut.org\/index.php?rest_route=\/wp\/v2\/users\/5"}],"replies":[{"embeddable":true,"href":"https:\/\/fundacioassut.org\/index.php?rest_route=%2Fwp%2Fv2%2Fcomments&post=239831"}],"version-history":[{"count":4,"href":"https:\/\/fundacioassut.org\/index.php?rest_route=\/wp\/v2\/posts\/239831\/revisions"}],"predecessor-version":[{"id":239843,"href":"https:\/\/fundacioassut.org\/index.php?rest_route=\/wp\/v2\/posts\/239831\/revisions\/239843"}],"wp:featuredmedia":[{"embeddable":true,"href":"https:\/\/fundacioassut.org\/index.php?rest_route=\/wp\/v2\/media\/239833"}],"wp:attachment":[{"href":"https:\/\/fundacioassut.org\/index.php?rest_route=%2Fwp%2Fv2%2Fmedia&parent=239831"}],"wp:term":[{"taxonomy":"category","embeddable":true,"href":"https:\/\/fundacioassut.org\/index.php?rest_route=%2Fwp%2Fv2%2Fcategories&post=239831"},{"taxonomy":"post_tag","embeddable":true,"href":"https:\/\/fundacioassut.org\/index.php?rest_route=%2Fwp%2Fv2%2Ftags&post=239831"}],"curies":[{"name":"wp","href":"https:\/\/api.w.org\/{rel}","templated":true}]}}