{"id":239844,"date":"2026-02-13T15:22:56","date_gmt":"2026-02-13T13:22:56","guid":{"rendered":"https:\/\/fundacioassut.org\/?p=239844"},"modified":"2026-02-13T15:24:25","modified_gmt":"2026-02-13T13:24:25","slug":"la-fundacio-assut-participa-en-el-projecte-oberek-per-a-la-millora-del-seguiment-ambiental-de-lalbufera","status":"publish","type":"post","link":"https:\/\/fundacioassut.org\/?p=239844","title":{"rendered":"La Fundaci\u00f3 Assut participa en el projecte OBEREK per a la millora del seguiment ambiental de l\u2019Albufera"},"content":{"rendered":"\n<p><strong>El projecte integra sensors ambientals, dades en temps real i coneixement cient\u00edfic per a donar suport a la restauraci\u00f3 ecol\u00f2gica de l&#8217;aiguamoll.<\/strong><\/p>\n\n\n\n<div style=\"height:20px\" aria-hidden=\"true\" class=\"wp-block-spacer\"><\/div>\n\n\n\n<p>La Fundaci\u00f3 Assut participa en el projecte <strong><a href=\"https:\/\/www.neverblink.eu\/blog\/how-we-use-knowledge-graphs-to-help-restore-natural-beauty-and-biodiversity\">OBEREK<\/a><\/strong>, una iniciativa d&#8217;innovaci\u00f3 que busca millorar el seguiment ambiental de l\u2019Albufera de Val\u00e8ncia mitjan\u00e7ant l&#8217;\u00fas de tecnologies de monitoratge continu i ferramentes digitals obertes.<\/p>\n\n\n\n<p>OBEREK combina informaci\u00f3 procedent de sensors ambientals, an\u00e0lisi cient\u00edfica i plataformes digitals per a oferir una visi\u00f3 integrada de l&#8217;estat ecol\u00f2gic de l&#8217;aiguamoll, facilitant la interpretaci\u00f3 de les dades i el seu \u00fas en la gesti\u00f3 ambiental.<\/p>\n\n\n\n<p>El projecte es desenrotlla en col\u00b7laboraci\u00f3 amb <strong><a href=\"https:\/\/www.neverblink.eu\/\" target=\"_blank\" rel=\"noreferrer noopener\">NeverBlink<\/a><\/strong> i la <strong><a href=\"https:\/\/aplicat.upv.es\/exploraupv\/ficha-prensa\/noticia\/15615\">Universitat Polit\u00e8cnica de Val\u00e8ncia<\/a><\/strong>, i forma part del projecte europeu <strong><a href=\"https:\/\/rurbanive-project.eu\/2025\/10\/07\/selected-projects-of-the-rurbanive-open-call\/\">RURBANIVE<\/a><\/strong>, finan\u00e7at pel programa Horizon Europe de la Uni\u00f3 Europea.<\/p>\n\n\n\n<p>En un context marcat per esdeveniments extrems recents, com la DANA de 2024, disposar de dades ambientals fiables i cont\u00ednues resulta fonamental per a entendre el funcionament de l&#8217;ecosistema, avaluar impactes i orientar estrat\u00e8gies de restauraci\u00f3.<\/p>\n\n\n\n<p>Des de la Fundaci\u00f3 Assut, OBEREK es concep com un projecte complementari a altres iniciatives p\u00fabliques i privades que actualment s&#8217;estan desenrotllant a l\u2019Albufera, amb un enfocament clarament col\u00b7laboratiu i de cooperaci\u00f3 entre actors.<\/p>\n\n\n\n<div style=\"height:26px\" aria-hidden=\"true\" class=\"wp-block-spacer\"><\/div>\n\n\n\n<h3 class=\"wp-block-heading\"><strong>Finan\u00e7ament<\/strong><\/h3>\n\n\n\n<p>Este projecte ha rebut finan\u00e7ament indirecte del programa d&#8217;investigaci\u00f3 i innovaci\u00f3 Horizon Europe de la Uni\u00f3 Europea, en el marc del projecte RURBANIVE (Acord de Subvenci\u00f3 n\u00fam. 101136597). El pressupost total del projecte \u00e9s de 100.000 euros. Els lliurables i materials p\u00fablics del projecte OBEREK reflectixen \u00fanicament les opinions del consorci OBEREK. Ni la Comissi\u00f3 Europea ni el projecte RURBANIVE es fan responsables de l&#8217;\u00fas que puga fer-se de la informaci\u00f3 continguda en estos.<\/p>\n","protected":false},"excerpt":{"rendered":"<p>El projecte integra sensors ambientals, dades en temps real i coneixement cient\u00edfic per a donar suport a la restauraci\u00f3 ecol\u00f2gica de l&#8217;aiguamoll.<\/p>\n","protected":false},"author":5,"featured_media":239850,"comment_status":"closed","ping_status":"open","sticky":false,"template":"","format":"standard","meta":{"_et_pb_use_builder":"off","_et_pb_old_content":"","_et_gb_content_width":"","footnotes":""},"categories":[87],"tags":[],"class_list":["post-239844","post","type-post","status-publish","format-standard","has-post-thumbnail","hentry","category-noticies"],"_links":{"self":[{"href":"https:\/\/fundacioassut.org\/index.php?rest_route=\/wp\/v2\/posts\/239844","targetHints":{"allow":["GET"]}}],"collection":[{"href":"https:\/\/fundacioassut.org\/index.php?rest_route=\/wp\/v2\/posts"}],"about":[{"href":"https:\/\/fundacioassut.org\/index.php?rest_route=\/wp\/v2\/types\/post"}],"author":[{"embeddable":true,"href":"https:\/\/fundacioassut.org\/index.php?rest_route=\/wp\/v2\/users\/5"}],"replies":[{"embeddable":true,"href":"https:\/\/fundacioassut.org\/index.php?rest_route=%2Fwp%2Fv2%2Fcomments&post=239844"}],"version-history":[{"count":2,"href":"https:\/\/fundacioassut.org\/index.php?rest_route=\/wp\/v2\/posts\/239844\/revisions"}],"predecessor-version":[{"id":239847,"href":"https:\/\/fundacioassut.org\/index.php?rest_route=\/wp\/v2\/posts\/239844\/revisions\/239847"}],"wp:featuredmedia":[{"embeddable":true,"href":"https:\/\/fundacioassut.org\/index.php?rest_route=\/wp\/v2\/media\/239850"}],"wp:attachment":[{"href":"https:\/\/fundacioassut.org\/index.php?rest_route=%2Fwp%2Fv2%2Fmedia&parent=239844"}],"wp:term":[{"taxonomy":"category","embeddable":true,"href":"https:\/\/fundacioassut.org\/index.php?rest_route=%2Fwp%2Fv2%2Fcategories&post=239844"},{"taxonomy":"post_tag","embeddable":true,"href":"https:\/\/fundacioassut.org\/index.php?rest_route=%2Fwp%2Fv2%2Ftags&post=239844"}],"curies":[{"name":"wp","href":"https:\/\/api.w.org\/{rel}","templated":true}]}}