{"id":240049,"date":"2026-04-30T14:15:09","date_gmt":"2026-04-30T12:15:09","guid":{"rendered":"https:\/\/fundacioassut.org\/?p=240049"},"modified":"2026-04-30T14:15:12","modified_gmt":"2026-04-30T12:15:12","slug":"la-barreja-3","status":"publish","type":"post","link":"https:\/\/fundacioassut.org\/?p=240049","title":{"rendered":"La \u00abbarrej\u00e0\u00bb"},"content":{"rendered":"\n<p>dissabte 9\/maig \u00b7 9:30-13:30 h.<\/p>\n\n\n\n<p>A l\u2019Estell, la solta de l\u2019aigua dona pas a la sembra de l\u2019arr\u00f2s: la <em>barrej\u00e0<\/em>. Amb l\u2019aigua, la vida torna als camps: la llavor es posa a remull mentre gavines, garses i currocs celebren la inundaci\u00f3 i enceten una nova temporada de cria. \u00c9s moment de fer una excursi\u00f3 en bici per a assistir a l\u2019inici de la nova campanya arrossera.<\/p>\n\n\n\n<p><strong>Punt de trobada<\/strong>: <a href=\"https:\/\/maps.app.goo.gl\/hDpccbH2t1SrAPV27\" target=\"_blank\" rel=\"noreferrer noopener\">Trilladora del Tocaio (El Palmar)<\/a>.<\/p>\n\n\n\n<p><strong>Preu<\/strong>: Visita gratu\u00efta (amb bici de lloguer, 6 euros).<\/p>\n\n\n\n<p><a href=\"https:\/\/form.jotform.com\/250335427227049\" data-type=\"link\" data-id=\"https:\/\/form.jotform.com\/250335427227049\">Enlla\u00e7 formulari d&#8217;inscripci\u00f3<\/a><\/p>\n\n\n\n<figure class=\"wp-block-image size-full\"><img loading=\"lazy\" decoding=\"async\" width=\"1958\" height=\"2560\" src=\"https:\/\/fundacioassut.org\/wp-content\/uploads\/2026\/04\/barreja2026_val-1-scaled.jpg\" alt=\"\" class=\"wp-image-240056\" srcset=\"https:\/\/fundacioassut.org\/wp-content\/uploads\/2026\/04\/barreja2026_val-1-scaled.jpg 1958w, https:\/\/fundacioassut.org\/wp-content\/uploads\/2026\/04\/barreja2026_val-1-1280x1674.jpg 1280w, https:\/\/fundacioassut.org\/wp-content\/uploads\/2026\/04\/barreja2026_val-1-980x1281.jpg 980w, https:\/\/fundacioassut.org\/wp-content\/uploads\/2026\/04\/barreja2026_val-1-480x628.jpg 480w\" sizes=\"(min-width: 0px) and (max-width: 480px) 480px, (min-width: 481px) and (max-width: 980px) 980px, (min-width: 981px) and (max-width: 1280px) 1280px, (min-width: 1281px) 1958px, 100vw\" \/><\/figure>\n","protected":false},"excerpt":{"rendered":"<p>dissabte 9\/maig \u00b7 9:30-13:30 h. A l\u2019Estell, la solta de l\u2019aigua dona pas a la sembra de l\u2019arr\u00f2s: la barrej\u00e0. Amb l\u2019aigua, la vida torna als camps: la llavor es posa a remull mentre gavines, garses i currocs celebren la inundaci\u00f3 i enceten una nova temporada de cria. \u00c9s moment de fer una excursi\u00f3 en [&hellip;]<\/p>\n","protected":false},"author":5,"featured_media":240051,"comment_status":"closed","ping_status":"open","sticky":false,"template":"","format":"standard","meta":{"_et_pb_use_builder":"off","_et_pb_old_content":"","_et_gb_content_width":"","footnotes":""},"categories":[89],"tags":[],"class_list":["post-240049","post","type-post","status-publish","format-standard","has-post-thumbnail","hentry","category-convocatories"],"_links":{"self":[{"href":"https:\/\/fundacioassut.org\/index.php?rest_route=\/wp\/v2\/posts\/240049","targetHints":{"allow":["GET"]}}],"collection":[{"href":"https:\/\/fundacioassut.org\/index.php?rest_route=\/wp\/v2\/posts"}],"about":[{"href":"https:\/\/fundacioassut.org\/index.php?rest_route=\/wp\/v2\/types\/post"}],"author":[{"embeddable":true,"href":"https:\/\/fundacioassut.org\/index.php?rest_route=\/wp\/v2\/users\/5"}],"replies":[{"embeddable":true,"href":"https:\/\/fundacioassut.org\/index.php?rest_route=%2Fwp%2Fv2%2Fcomments&post=240049"}],"version-history":[{"count":3,"href":"https:\/\/fundacioassut.org\/index.php?rest_route=\/wp\/v2\/posts\/240049\/revisions"}],"predecessor-version":[{"id":240058,"href":"https:\/\/fundacioassut.org\/index.php?rest_route=\/wp\/v2\/posts\/240049\/revisions\/240058"}],"wp:featuredmedia":[{"embeddable":true,"href":"https:\/\/fundacioassut.org\/index.php?rest_route=\/wp\/v2\/media\/240051"}],"wp:attachment":[{"href":"https:\/\/fundacioassut.org\/index.php?rest_route=%2Fwp%2Fv2%2Fmedia&parent=240049"}],"wp:term":[{"taxonomy":"category","embeddable":true,"href":"https:\/\/fundacioassut.org\/index.php?rest_route=%2Fwp%2Fv2%2Fcategories&post=240049"},{"taxonomy":"post_tag","embeddable":true,"href":"https:\/\/fundacioassut.org\/index.php?rest_route=%2Fwp%2Fv2%2Ftags&post=240049"}],"curies":[{"name":"wp","href":"https:\/\/api.w.org\/{rel}","templated":true}]}}