{"id":240053,"date":"2026-04-30T14:16:08","date_gmt":"2026-04-30T12:16:08","guid":{"rendered":"https:\/\/fundacioassut.org\/?p=240053"},"modified":"2026-04-30T14:16:10","modified_gmt":"2026-04-30T12:16:10","slug":"la-barreja-4","status":"publish","type":"post","link":"https:\/\/fundacioassut.org\/?p=240053&lang=cas","title":{"rendered":"La \u00abbarrej\u00e0\u00bb"},"content":{"rendered":"\n<p>s\u00e1bado 9\/mayo \u00b7 9:30-13:30 h.<\/p>\n\n\n\n<p>En L\u2019Estell, la suelta del agua da paso a la siembra del arroz: la <em>barrej\u00e0<\/em>. Con el agua, la vida vuelve a los campos: la semilla se pone a remojo mientras gaviotas, garzas y pagazas celebran la inundaci\u00f3n y comienza una nueva temporada de cr\u00eda. Es momento de hacer una excursi\u00f3n en bici para asistir al inicio de la nueva campa\u00f1a arrocera.<\/p>\n\n\n\n<p><strong>Punto de encuentro<\/strong>: <a href=\"https:\/\/maps.app.goo.gl\/wDUmmZmHajDiK7st9\" data-type=\"link\" data-id=\"https:\/\/maps.app.goo.gl\/wDUmmZmHajDiK7st9\">Trilladora del Tocaio (El Palmar)<\/a>.<\/p>\n\n\n\n<p><strong>Precio<\/strong>: Visita gratuita (con bici de alquiler, 6 euros).<\/p>\n\n\n\n<p><a href=\"https:\/\/form.jotform.com\/250335427227049\" data-type=\"link\" data-id=\"https:\/\/form.jotform.com\/250335427227049\">Enlace de inscripci\u00f3n<\/a><\/p>\n\n\n\n<figure class=\"wp-block-image size-full\"><img loading=\"lazy\" decoding=\"async\" width=\"1958\" height=\"2560\" src=\"https:\/\/fundacioassut.org\/wp-content\/uploads\/2026\/04\/barreja2026_cast-scaled.jpg\" alt=\"\" class=\"wp-image-240054\" srcset=\"https:\/\/fundacioassut.org\/wp-content\/uploads\/2026\/04\/barreja2026_cast-scaled.jpg 1958w, https:\/\/fundacioassut.org\/wp-content\/uploads\/2026\/04\/barreja2026_cast-1280x1674.jpg 1280w, https:\/\/fundacioassut.org\/wp-content\/uploads\/2026\/04\/barreja2026_cast-980x1281.jpg 980w, https:\/\/fundacioassut.org\/wp-content\/uploads\/2026\/04\/barreja2026_cast-480x628.jpg 480w\" sizes=\"(min-width: 0px) and (max-width: 480px) 480px, (min-width: 481px) and (max-width: 980px) 980px, (min-width: 981px) and (max-width: 1280px) 1280px, (min-width: 1281px) 1958px, 100vw\" \/><\/figure>\n","protected":false},"excerpt":{"rendered":"<p>s\u00e1bado 9\/mayo \u00b7 9:30-13:30 h. En L\u2019Estell, la suelta del agua da paso a la siembra del arroz: la barrej\u00e0. Con el agua, la vida vuelve a los campos: la semilla se pone a remojo mientras gaviotas, garzas y pagazas celebran la inundaci\u00f3n y comienza una nueva temporada de cr\u00eda. Es momento de hacer una [&hellip;]<\/p>\n","protected":false},"author":5,"featured_media":240051,"comment_status":"closed","ping_status":"open","sticky":false,"template":"","format":"standard","meta":{"_et_pb_use_builder":"off","_et_pb_old_content":"","_et_gb_content_width":"","footnotes":""},"categories":[6],"tags":[],"class_list":["post-240053","post","type-post","status-publish","format-standard","has-post-thumbnail","hentry","category-convocatorias"],"_links":{"self":[{"href":"https:\/\/fundacioassut.org\/index.php?rest_route=\/wp\/v2\/posts\/240053","targetHints":{"allow":["GET"]}}],"collection":[{"href":"https:\/\/fundacioassut.org\/index.php?rest_route=\/wp\/v2\/posts"}],"about":[{"href":"https:\/\/fundacioassut.org\/index.php?rest_route=\/wp\/v2\/types\/post"}],"author":[{"embeddable":true,"href":"https:\/\/fundacioassut.org\/index.php?rest_route=\/wp\/v2\/users\/5"}],"replies":[{"embeddable":true,"href":"https:\/\/fundacioassut.org\/index.php?rest_route=%2Fwp%2Fv2%2Fcomments&post=240053"}],"version-history":[{"count":2,"href":"https:\/\/fundacioassut.org\/index.php?rest_route=\/wp\/v2\/posts\/240053\/revisions"}],"predecessor-version":[{"id":240059,"href":"https:\/\/fundacioassut.org\/index.php?rest_route=\/wp\/v2\/posts\/240053\/revisions\/240059"}],"wp:featuredmedia":[{"embeddable":true,"href":"https:\/\/fundacioassut.org\/index.php?rest_route=\/wp\/v2\/media\/240051"}],"wp:attachment":[{"href":"https:\/\/fundacioassut.org\/index.php?rest_route=%2Fwp%2Fv2%2Fmedia&parent=240053"}],"wp:term":[{"taxonomy":"category","embeddable":true,"href":"https:\/\/fundacioassut.org\/index.php?rest_route=%2Fwp%2Fv2%2Fcategories&post=240053"},{"taxonomy":"post_tag","embeddable":true,"href":"https:\/\/fundacioassut.org\/index.php?rest_route=%2Fwp%2Fv2%2Ftags&post=240053"}],"curies":[{"name":"wp","href":"https:\/\/api.w.org\/{rel}","templated":true}]}}