{"id":4175,"date":"2019-07-06T09:15:14","date_gmt":"2019-07-06T07:15:14","guid":{"rendered":"http:\/\/fundacioassut.org\/?p=4175"},"modified":"2019-08-26T12:55:50","modified_gmt":"2019-08-26T10:55:50","slug":"presentem-lamfibi-el-periodic-de-lalbufera","status":"publish","type":"post","link":"https:\/\/fundacioassut.org\/?p=4175","title":{"rendered":"Presentem \u00abL\u2019Amfibi\u00bb, el peri\u00f2dic de l\u2019Albufera"},"content":{"rendered":"<p>L&#8217;Oficina de Gesti\u00f3 T\u00e8cnica del Parc Natural de l\u2019Albufera va acollir el passat 5 de juliol la presentaci\u00f3 de <em>L\u2019Amfibi,<\/em> el peri\u00f2dic de l\u2019Albufera, un nou mitj\u00e0 de comunicaci\u00f3 dedicat a donar a con\u00e8ixer la realitat d&#8217;aquest aiguamoll d&#8217;import\u00e0ncia internacional i fomentar el comprom\u00eds en la seua recuperaci\u00f3 i conservaci\u00f3.<\/p>\n<p>Editat per la Fundaci\u00f3 Assut, el peri\u00f2dic, de 24 p\u00e0gines, impr\u00e8s en paper premsa i format tabloide, compta amb una primera tirada de 10.000 exemplars i \u00e9s de periodicitat quadrimestral. <em>L\u2019Amfibi<\/em> est\u00e0 especialment dirigit als habitants de l\u2019Albufera i el seu entorn immediat, encara que els seus visitants habituals o puntuals trobaran en ell informaci\u00f3 que els permeta acostar-se al parc natural.<\/p>\n<h3><\/h3>\n<h3><strong>F\u00f2rum de debat constructiu<\/strong><\/h3>\n<p>Els objectius s\u00f3n divulgar i informar en sentit ampli i sensibilitzar l&#8217;opini\u00f3 p\u00fablica sobre els valors culturals i naturals de l\u2019Albufera, i contribuir a la seua promoci\u00f3, preservaci\u00f3 i posada en valor. Amb rigor, admetent controv\u00e8rsies, contrastant opinions, considerant problemes i exposant solucions, aquest peri\u00f2dic vol ser una eina amb la qual mostrar la riquesa patrimonial de l\u2019Albufera, reflectir el seu dia a dia i insistir en la import\u00e0ncia que t\u00e9 una adequada gesti\u00f3 tant per al manteniment i la millora de la biodiversitat com per a la conservaci\u00f3 d&#8217;unes maneres de vida i unes tradicions irrepetibles.<\/p>\n<p><em>L\u2019Amfibi<\/em> pret\u00e9n amplificar la veu de tot aquell, persona o instituci\u00f3, que exercisca una labor constructiva a favor d&#8217;aquest entorn. Espera contribuir tamb\u00e9 a la vertebraci\u00f3 i el reconeixement d&#8217;un territori les particularitats del qual han definit durant segles una identitat amf\u00edbia, associada a l&#8217;aiguamoll i determinada per ell, i una cultura pr\u00f2pia, amb conflictes, preocupacions i interessos caracter\u00edstics.<\/p>\n<p>&#8212;<\/p>\n<div id=\"attachment_4119\" style=\"width: 970px\" class=\"wp-caption alignnone\"><img loading=\"lazy\" decoding=\"async\" aria-describedby=\"caption-attachment-4119\" class=\"wp-image-4119 size-full\" src=\"http:\/\/fundacioassut.org\/wp-content\/uploads\/2019\/07\/LAmfibi-foto-Luis-Vidal-2.jpg\" alt=\"Representantes de las instituciones y empresas colaboradoras en el proyecto.\" width=\"960\" height=\"642\" srcset=\"https:\/\/fundacioassut.org\/wp-content\/uploads\/2019\/07\/LAmfibi-foto-Luis-Vidal-2.jpg 960w, https:\/\/fundacioassut.org\/wp-content\/uploads\/2019\/07\/LAmfibi-foto-Luis-Vidal-2-300x201.jpg 300w, https:\/\/fundacioassut.org\/wp-content\/uploads\/2019\/07\/LAmfibi-foto-Luis-Vidal-2-768x514.jpg 768w\" sizes=\"(max-width: 960px) 100vw, 960px\" \/><p id=\"caption-attachment-4119\" class=\"wp-caption-text\">Representants de les institucions i empreses col\u00b7laboradores en el projecte.<\/p><\/div>\n<h3><\/h3>\n<h3><strong>Resposta a una demanda social<\/strong><\/h3>\n<p>El projecte de <em>L\u2019Amfibi<\/em> sorgeix de l&#8217;inter\u00e8s per millorar el coneixement i les condicions del Parc Natural de l\u2019Albufera i, tamb\u00e9, de l&#8217;evid\u00e8ncia d&#8217;una creixent preocupaci\u00f3 social al voltant de les amenaces i els conflictes que l&#8217;acuiten. Aquesta inquietud s&#8217;ha constatat de fet en diverses iniciatives durant els darrers anys, com el desenvolupament del projecte de conscienciaci\u00f3 <strong>Seducci\u00f3 Ambienta<\/strong>l \u2014concl\u00f2s en 2013\u2014, la creaci\u00f3 de la plataforma <strong>Albufera Viva<\/strong> o la celebraci\u00f3 de trobades entre agents socials, com la <strong>Setmana de l\u2019Albufera,<\/strong> a la qual van participar mig centenar d&#8217;entitats vinculades a l&#8217;aiguamoll, i reunions d&#8217;experts com el simposi <strong>El Parc Natural de l\u2019Albufera, ara.<\/strong><\/p>\n<p><em>L\u2019Amfibi<\/em> \u00e9s un projecte sense \u00e0nim de lucre que pret\u00e9n tamb\u00e9 aglutinar esfor\u00e7os i interessos, obert a la col\u00b7laboraci\u00f3 de les persones, les entitats i tots els agents socials que tinguen recursos i objectius compatibles amb els d&#8217;aquesta iniciativa.<\/p>\n<p>A m\u00e9s, aquest mitj\u00e0 de comunicaci\u00f3 compta amb una secci\u00f3, promoguda per <strong>GA Alimentaria<\/strong> i el Grup <strong>Nuova Sesac,<\/strong> destinada a la participaci\u00f3 activa en el plantejament i el desenvolupament dels seus continguts de joves estudiants dels centres d&#8217;ensenyament locals.<\/p>\n<h3><\/h3>\n<h3><strong>La sostenibilitat del projecte<\/strong><\/h3>\n<p>Publicat en valenci\u00e0, amb una versi\u00f3 online tamb\u00e9 en castell\u00e0 que estar\u00e0 disponible pr\u00f2ximament en la p\u00e0gina web <a href=\"http:\/\/www.lamfibi.org\/\"><strong>lamfibi.org,<\/strong><\/a> el peri\u00f2dic compta amb la col\u00b7laboraci\u00f3 de la <strong>Conselleria d\u2019Educaci\u00f3, Investigaci\u00f3, Cultura i Esport<\/strong> mitjan\u00e7ant les subvencions de foment del valenci\u00e0. Est\u00e0 patrocinat per la <strong>Fundaci\u00f3n Aguas de Valencia<\/strong> i compta amb el suport de <strong>GA Alimentaria<\/strong> i el Grup <strong>Nuova Sesac.<\/strong> La <strong>Generalitat Valenciana,<\/strong> a trav\u00e9s de Medi Ambient, i <strong>l&#8217;Ajuntament de Val\u00e8ncia<\/strong> han mostrat tamb\u00e9 el seu comprom\u00eds amb la continu\u00eftat del projecte. Per als nous n\u00fameros, la Fundaci\u00f3 Assut contempla a m\u00e9s l&#8217;opci\u00f3 d&#8217;obtenir finan\u00e7ament mitjan\u00e7ant insercions publicit\u00e0ries convencionals.<\/p>\n<p>&#8212;<\/p>\n<div id=\"attachment_4123\" style=\"width: 970px\" class=\"wp-caption alignnone\"><img loading=\"lazy\" decoding=\"async\" aria-describedby=\"caption-attachment-4123\" class=\"wp-image-4123 size-full\" src=\"http:\/\/fundacioassut.org\/wp-content\/uploads\/2019\/07\/LAmfibi-foto-Luis-Vidal-3.jpg\" alt=\"\" width=\"960\" height=\"643\" srcset=\"https:\/\/fundacioassut.org\/wp-content\/uploads\/2019\/07\/LAmfibi-foto-Luis-Vidal-3.jpg 960w, https:\/\/fundacioassut.org\/wp-content\/uploads\/2019\/07\/LAmfibi-foto-Luis-Vidal-3-300x201.jpg 300w, https:\/\/fundacioassut.org\/wp-content\/uploads\/2019\/07\/LAmfibi-foto-Luis-Vidal-3-768x514.jpg 768w\" sizes=\"(max-width: 960px) 100vw, 960px\" \/><p id=\"caption-attachment-4123\" class=\"wp-caption-text\">Sergi Campillo, regidor de Devesa-Albufera; Vicent Sales, president de la Fundaci\u00f3 Assut, i Josep Nebot, subdirector general de Medi Natural.<\/p><\/div>\n","protected":false},"excerpt":{"rendered":"<p>L&#8217;Oficina de Gesti\u00f3 T\u00e8cnica del Parc Natural de l\u2019Albufera va acollir el passat 5 de juliol la presentaci\u00f3 de \u00abL\u2019Amfibi\u00bb, el peri\u00f2dic de l\u2019Albufera, un nou mitj\u00e0 de comunicaci\u00f3, editat per la Fundaci\u00f3 Assut, dedicat a donar a con\u00e8ixer la realitat d&#8217;aquest aiguamoll d&#8217;import\u00e0ncia internacional i fomentar el comprom\u00eds en la seua recuperaci\u00f3 i conservaci\u00f3.<\/p>\n","protected":false},"author":5,"featured_media":4116,"comment_status":"closed","ping_status":"open","sticky":false,"template":"","format":"standard","meta":{"_et_pb_use_builder":"","_et_pb_old_content":"","_et_gb_content_width":"","footnotes":""},"categories":[87],"tags":[],"class_list":["post-4175","post","type-post","status-publish","format-standard","has-post-thumbnail","hentry","category-noticies"],"_links":{"self":[{"href":"https:\/\/fundacioassut.org\/index.php?rest_route=\/wp\/v2\/posts\/4175","targetHints":{"allow":["GET"]}}],"collection":[{"href":"https:\/\/fundacioassut.org\/index.php?rest_route=\/wp\/v2\/posts"}],"about":[{"href":"https:\/\/fundacioassut.org\/index.php?rest_route=\/wp\/v2\/types\/post"}],"author":[{"embeddable":true,"href":"https:\/\/fundacioassut.org\/index.php?rest_route=\/wp\/v2\/users\/5"}],"replies":[{"embeddable":true,"href":"https:\/\/fundacioassut.org\/index.php?rest_route=%2Fwp%2Fv2%2Fcomments&post=4175"}],"version-history":[{"count":5,"href":"https:\/\/fundacioassut.org\/index.php?rest_route=\/wp\/v2\/posts\/4175\/revisions"}],"predecessor-version":[{"id":4778,"href":"https:\/\/fundacioassut.org\/index.php?rest_route=\/wp\/v2\/posts\/4175\/revisions\/4778"}],"wp:featuredmedia":[{"embeddable":true,"href":"https:\/\/fundacioassut.org\/index.php?rest_route=\/wp\/v2\/media\/4116"}],"wp:attachment":[{"href":"https:\/\/fundacioassut.org\/index.php?rest_route=%2Fwp%2Fv2%2Fmedia&parent=4175"}],"wp:term":[{"taxonomy":"category","embeddable":true,"href":"https:\/\/fundacioassut.org\/index.php?rest_route=%2Fwp%2Fv2%2Fcategories&post=4175"},{"taxonomy":"post_tag","embeddable":true,"href":"https:\/\/fundacioassut.org\/index.php?rest_route=%2Fwp%2Fv2%2Ftags&post=4175"}],"curies":[{"name":"wp","href":"https:\/\/api.w.org\/{rel}","templated":true}]}}