{"id":4178,"date":"2018-06-29T11:40:48","date_gmt":"2018-06-29T09:40:48","guid":{"rendered":"http:\/\/fundacioassut.org\/amfibi-2018-sueca-i-el-saler-acullen-una-nova-edicio-del-festival-val\/"},"modified":"2019-08-08T21:07:46","modified_gmt":"2019-08-08T19:07:46","slug":"amfibi-2018-sueca-i-el-saler-acullen-una-nova-edicio-del-festival-val","status":"publish","type":"post","link":"https:\/\/fundacioassut.org\/?p=4178","title":{"rendered":"Amfibi 2018: Sueca i el Saler acullen una nova edici\u00f3 del festival"},"content":{"rendered":"<p><em>divendres, 29 de juny de 2018 \u2013 dissabte, 14 de juliol de 2018<\/em><\/p>\n<p><a href=\"http:\/\/fundacioassut.org\/wp-content\/uploads\/2018\/06\/Cartell-Amfibi-groc.jpg\"><img loading=\"lazy\" decoding=\"async\" class=\"size-large wp-image-3405 alignright\" src=\"http:\/\/fundacioassut.org\/wp-content\/uploads\/2018\/06\/Cartell-Amfibi-groc-258x366.jpg\" alt=\"Cartel Amfibi\" width=\"258\" height=\"366\" \/><\/a>Los pr\u00f3ximos d\u00edas 13 y 14 de julio, Sueca y El Saler acoger\u00e1n una nueva edici\u00f3n del festival Amfibi, certamen que la Fundaci\u00f3 Assut organiza cada a\u00f1o desde 2011 para hacer promoci\u00f3n de los paisajes culturales del agua y divulgar el valor de la naturaleza de las zonas h\u00famedas.<\/p>\n<p>El viernes 13, en el Casal Jove de Sueca tendr\u00e1 lugar una velada de cine al aire libre con la proyecci\u00f3n de un montaje documental sobre\u00a0<em>El desentierro,<\/em>\u00a0pel\u00edcula, todav\u00eda in\u00e9dita, rodada en escenarios de L\u2019Albufera por el cineasta valenciano Nacho Ruip\u00e9rez, y del largometraje\u00a0<em>El cartero de las noches blancas,<\/em>\u00a0un film de Andrei Konchalovsky sobre una peque\u00f1a y remota comunidad \u00abanfibia\u00bb del norte de Rusia.<\/p>\n<p>Y, el s\u00e1bado 14, el pueblo El Saler y el entorno pr\u00f3ximo de La Devesa albergar\u00e1n la celebraci\u00f3n de dos espect\u00e1culos de m\u00fasica tradicional. En primer lugar, un itinerario vespertino entre la playa y el marjal, en el que el cantador Josep Aparicio\u00a0<em>Apa<\/em>\u00a0y su grupo, acompa\u00f1ados del versador Josemi S\u00e1nchez, ofrecer\u00e1n un repertorio improvisado de\u00a0<em>albades<\/em>\u00a0de tem\u00e1tica albufere\u00f1a. Y, a continuaci\u00f3n, en la explanada exterior de la Casa Forestal, Jonatan Penalba, la principal de las nuevas voces de la tradici\u00f3n musical valenciana, presentar\u00e1 su espect\u00e1culo\u00a0<em>De soca-rel.<\/em><\/p>\n<p><strong>El festival de las culturas anfibias<\/strong><\/p>\n<p>Amfibi, el festival de las culturas anfibias, es un certamen dedicado a la promoci\u00f3n, la divulgaci\u00f3n y la preservaci\u00f3n de los valores culturales de las zonas h\u00famedas y los sistemas tradicionales de regad\u00edo, en particular L&#8217;Albufera y la Huerta de Valencia, a trav\u00e9s de la m\u00fasica y la danza, el cine y el v\u00eddeo, el teatro y otros medios y disciplinas.<\/p>\n<p>El objetivo es difundir la importancia que tienen estos sistemas, ecosistemas y paisajes culturales, y contribuir al conocimiento y la conservaci\u00f3n de tantas culturas que manifiestan esta identidad anfibia, asociadas al agua y determinadas por ella.<\/p>\n<p>Este a\u00f1o, en su octava edici\u00f3n, el Amfibi cuenta con el apoyo de Gracomsa Alimentaria, empresa del grupo industrial Nuova Sesac, y la colaboraci\u00f3n del Ayuntamiento de Valencia, el Ayuntamiento de Sueca y la Conselleria de Educaci\u00f3n, Investigaci\u00f3n, Cultura y Deporte.<\/p>\n<p>&nbsp;<\/p>\n<p><strong>PROGRAMACI\u00d3N<\/strong><\/p>\n<p>&#8211;<\/p>\n<p><strong>Cine<\/strong><\/p>\n<p><strong>Viernes 13 \/ 21:45 h<\/strong><\/p>\n<p>Casal Jove de Sueca (Carrer de Pepe Mont\u00f3, 5)<\/p>\n<p><strong>AS\u00cd SE HIZO \u00abEL DESENTIERRO\u00bb<\/strong><\/p>\n<p><strong>Projecci\u00f3n y coloquio, con Nacho Ruip\u00e9rez, Abd\u00f3n Alca\u00f1iz y Ximo P\u00e9rez<\/strong><\/p>\n<p>Presentaci\u00f3n del\u00a0<em>making of<\/em>\u00a0de la pel\u00edcula\u00a0<em>El desentierro<\/em>\u00a0(Nacho Ruip\u00e9rez, 2018), un film a\u00fan in\u00e9dito que ha sido rodado en escenarios del marjal de Sueca y L\u2019Albufera. La proyecci\u00f3n contar\u00e1 con la presencia de parte de los equipos t\u00e9cnico y art\u00edstico. 15 min.<\/p>\n<p><strong>EL CARTERO DE LAS NOCHES BLANCAS<\/strong><\/p>\n<p><strong>Andrei Konchalovsky, 2014 (V.O.S. castell\u00e0)<\/strong><\/p>\n<p>Le\u00f3n de Plata al mejor director en la Mostra de Venecia de 2014, la pel\u00edcula es una mirada contemplativa a la realidad de un poblado aislado en el lago ruso de Kenozero, solo conectado al mundo exterior por el cartero y su peque\u00f1a barca correo. 90 min.<\/p>\n<p>&#8211;<\/p>\n<p><strong>M\u00fasica<\/strong><\/p>\n<p><strong>S\u00e1bado 14 \/ 19:30 h<\/strong><\/p>\n<p>El Saler, entre la playa y el pueblo (Passeig Francisco Lozano\/Tallafoc del Saler)<\/p>\n<p><strong>CANT D&#8217;ALBADES: DE LA MAR A LA MARJAL<\/strong><\/p>\n<p><strong>Con la rondalla de Apa, Josemi S\u00e1nchez, Trini Carballo y la Colla El Garb\u00ed<\/strong><\/p>\n<p>En un itinerario a pie entre el mar y el marjal, saliendo de la playa, atravesando La Devesa y el pueblo de El Saler y efectuando paradas en lugares se\u00f1alados, la c\u00e9lebre rondalla de Apa y Josemi improvisar\u00e1 peque\u00f1as piezas musicales en la tradici\u00f3n valenciana del\u00a0<em>cant d&#8217;estil.<\/em>\u00a075 min.<\/p>\n<p>&#8211;<\/p>\n<p><strong>S\u00e1bado 14 \/ 22 h<\/strong><\/p>\n<p>Casa Forestal del Saler (Tallafoc del Saler, s\/n)<\/p>\n<p><strong>JONATAN PENALBA: DE SOCA-REL<\/strong><\/p>\n<p><strong>Concierto del cantador Jonatan Penalba, con H\u00e8ctor Peropadre (acorde\u00f3n y la\u00fad) y Pere R\u00f3denas (guitarra)<\/strong><\/p>\n<p>Disc\u00edpulo y heredero de figuras como Pep Botifarra y Vict\u00f2ria Sousa\u00a0<em>Victorieta,<\/em>\u00a0Jonatan Penalba es la nueva voz de la m\u00fasica tradicional valenciana. En\u00a0<em>De soca-rel,<\/em>\u00a0el precoz cantador recupera piezas del cancionero antiguo y de cl\u00e1sicos recientes, como Al Tall y Obrint Pas. 90 min.<\/p>\n","protected":false},"excerpt":{"rendered":"<p>Los pr\u00f3ximos d\u00edas 13 y 14 de julio, Sueca y El Saler acoger\u00e1n una nueva edici\u00f3n del festival Amfibi, certamen que la Fundaci\u00f3 Assut organiza cada a\u00f1o desde 2011 para hacer promoci\u00f3n de los paisajes culturales del agua y divulgar el valor de la naturaleza de las zonas h\u00famedas.<\/p>\n","protected":false},"author":5,"featured_media":3892,"comment_status":"closed","ping_status":"open","sticky":false,"template":"","format":"standard","meta":{"_et_pb_use_builder":"","_et_pb_old_content":"","_et_gb_content_width":"","footnotes":""},"categories":[89],"tags":[],"class_list":["post-4178","post","type-post","status-publish","format-standard","has-post-thumbnail","hentry","category-convocatories"],"_links":{"self":[{"href":"https:\/\/fundacioassut.org\/index.php?rest_route=\/wp\/v2\/posts\/4178","targetHints":{"allow":["GET"]}}],"collection":[{"href":"https:\/\/fundacioassut.org\/index.php?rest_route=\/wp\/v2\/posts"}],"about":[{"href":"https:\/\/fundacioassut.org\/index.php?rest_route=\/wp\/v2\/types\/post"}],"author":[{"embeddable":true,"href":"https:\/\/fundacioassut.org\/index.php?rest_route=\/wp\/v2\/users\/5"}],"replies":[{"embeddable":true,"href":"https:\/\/fundacioassut.org\/index.php?rest_route=%2Fwp%2Fv2%2Fcomments&post=4178"}],"version-history":[{"count":2,"href":"https:\/\/fundacioassut.org\/index.php?rest_route=\/wp\/v2\/posts\/4178\/revisions"}],"predecessor-version":[{"id":4256,"href":"https:\/\/fundacioassut.org\/index.php?rest_route=\/wp\/v2\/posts\/4178\/revisions\/4256"}],"wp:featuredmedia":[{"embeddable":true,"href":"https:\/\/fundacioassut.org\/index.php?rest_route=\/wp\/v2\/media\/3892"}],"wp:attachment":[{"href":"https:\/\/fundacioassut.org\/index.php?rest_route=%2Fwp%2Fv2%2Fmedia&parent=4178"}],"wp:term":[{"taxonomy":"category","embeddable":true,"href":"https:\/\/fundacioassut.org\/index.php?rest_route=%2Fwp%2Fv2%2Fcategories&post=4178"},{"taxonomy":"post_tag","embeddable":true,"href":"https:\/\/fundacioassut.org\/index.php?rest_route=%2Fwp%2Fv2%2Ftags&post=4178"}],"curies":[{"name":"wp","href":"https:\/\/api.w.org\/{rel}","templated":true}]}}