{"id":4200,"date":"2018-06-07T20:07:02","date_gmt":"2018-06-07T18:07:02","guid":{"rendered":"http:\/\/fundacioassut.org\/la-fundacio-assut-nuevo-agente-en-la-gestion-ambiental-de-los-tancats-de-milia-i-lilla-2\/"},"modified":"2019-08-26T13:05:19","modified_gmt":"2019-08-26T11:05:19","slug":"la-fundacio-assut-nou-agent-en-la-gestio-ambiental-dels-tancats-de-milia-i-lilla","status":"publish","type":"post","link":"https:\/\/fundacioassut.org\/?p=4200","title":{"rendered":"La Fundaci\u00f3 Assut, nou agent en la gesti\u00f3 ambiental dels Tancats de M\u00edlia i l\u2019Illa"},"content":{"rendered":"<p>El passat 5 de juny, coincidint amb la celebraci\u00f3 del Dia Mundial del Medi Ambient, Pavagua Ambiental i la Fundaci\u00f3 Assut han signat un conveni de col\u00b7laboraci\u00f3 pel qual aquesta entitat supervisar\u00e0 els seguiments ambientals dels aiguamolls que l&#8217;empresa gestiona a l&#8217;Albufera.<\/p>\n<p>Ignacio Marchesi, director de Pavagua, i Vicent Sales, president de la Fundaci\u00f3 Assut, s&#8217;han traslladat al <a href=\"http:\/\/www.albufera.bio\/index.php\/es\/\">Tancat de M\u00edlia<\/a> per a signar un acord per un any. L&#8217;objectiu \u00e9s garantir la qualitat de la gesti\u00f3 ambiental que es duu a terme al Tancat de M\u00edlia (Sollana) i el Tancat de l\u2019Illa (Sueca), tamb\u00e9 conegut com Tancat de l&#8217;Estany de la Plana.<\/p>\n<p>Aquests aiguamolls artificials funcionen com a filtres verds per a la depuraci\u00f3 de l&#8217;aigua de l\u2019Albufera i constitueixen reserves naturals per a la potenciaci\u00f3 de la biodiversitat del parc natural. Tots dos espais s\u00f3n propietat de la societat p\u00fablica Acuamed i estan operats per l&#8217;equip de Pavagua Ambiental des de 2014.<\/p>\n<p>La incorporaci\u00f3 de la Fundaci\u00f3 Assut significa integrar un nou agent en l&#8217;esquema de supervisi\u00f3 i, per tant, una nova contribuci\u00f3 a la protecci\u00f3, el coneixement i el seguiment de la biodiversitat d&#8217;uns ambients que alberguen una important representaci\u00f3 de la flora i la fauna de l\u2019Albufera. L&#8217;objecte de l&#8217;acord \u00e9s tamb\u00e9 implantar noves metodologies, promocionar projectes i regular un \u00fas p\u00fablic compatible amb la conservaci\u00f3 de la naturalesa.<\/p>\n","protected":false},"excerpt":{"rendered":"<p>Pavagua Ambiental i Fundaci\u00f3 Assut signen un conveni per a garantir la qualitat del seguiment ambiental del Tancat de M\u00edlia i el Tancat de l&#8217;Illa, els aiguamolls artificials que l&#8217;empresa gestiona a la l&#8217;Albufera.<\/p>\n","protected":false},"author":5,"featured_media":4590,"comment_status":"closed","ping_status":"open","sticky":false,"template":"","format":"standard","meta":{"_et_pb_use_builder":"off","_et_pb_old_content":"El pasado 5 de junio, coincidiendo con la celebraci\u00f3n del D\u00eda Mundial del Medio Ambiente, Pavagua Ambiental y la Fundaci\u00f3 Assut han firmado un convenio de colaboraci\u00f3n por el que esta entidad supervisar\u00e1 los seguimientos ambientales de los humedales que la empresa gestiona en L'Albufera.\n\nIgnacio Marchesi, director de Pavagua, y Vicent Sales, presidente de la Fundaci\u00f3 Assut, se han trasladado al <a href=\"http:\/\/www.albufera.bio\/index.php\/es\/\">Tancat de M\u00edlia<\/a> para firmar un acuerdo por un a\u00f1o. El objetivo es garantizar la calidad de la gesti\u00f3n ambiental que se lleva a cabo en el Tancat de M\u00edlia (Sollana) y el Tancat de l\u2019Illa (Sueca), tambi\u00e9n conocido como Tancat de l\u2019Estany de la Plana.\n\nEstos humedales artificiales funcionan como filtros verdes para la depuraci\u00f3n del agua de L\u2019Albufera y constituyen reservas naturales para la potenciaci\u00f3n de la biodiversidad del parque natural. Ambos espacios son propiedad de la sociedad p\u00fablica Acuamed y est\u00e1n operados por el equipo de Pavagua Ambiental desde 2014.\n\nLa incorporaci\u00f3n de la Fundaci\u00f3 Assut significa integrar un nuevo agente en el esquema de supervisi\u00f3n y, por lo tanto, una nueva contribuci\u00f3n a la protecci\u00f3n, el conocimiento y el seguimiento de la biodiversidad de unos ambientes que albergan una importante representaci\u00f3n de la flora y la fauna de L\u2019Albufera. El objeto del acuerdo es tambi\u00e9n implantar nuevas metodolog\u00edas, promocionar proyectos y regular un uso p\u00fablico compatible con la conservaci\u00f3n de la naturaleza.","_et_gb_content_width":"","footnotes":""},"categories":[87],"tags":[106],"class_list":["post-4200","post","type-post","status-publish","format-standard","has-post-thumbnail","hentry","category-noticies","tag-lalbufera"],"_links":{"self":[{"href":"https:\/\/fundacioassut.org\/index.php?rest_route=\/wp\/v2\/posts\/4200","targetHints":{"allow":["GET"]}}],"collection":[{"href":"https:\/\/fundacioassut.org\/index.php?rest_route=\/wp\/v2\/posts"}],"about":[{"href":"https:\/\/fundacioassut.org\/index.php?rest_route=\/wp\/v2\/types\/post"}],"author":[{"embeddable":true,"href":"https:\/\/fundacioassut.org\/index.php?rest_route=\/wp\/v2\/users\/5"}],"replies":[{"embeddable":true,"href":"https:\/\/fundacioassut.org\/index.php?rest_route=%2Fwp%2Fv2%2Fcomments&post=4200"}],"version-history":[{"count":3,"href":"https:\/\/fundacioassut.org\/index.php?rest_route=\/wp\/v2\/posts\/4200\/revisions"}],"predecessor-version":[{"id":4781,"href":"https:\/\/fundacioassut.org\/index.php?rest_route=\/wp\/v2\/posts\/4200\/revisions\/4781"}],"wp:featuredmedia":[{"embeddable":true,"href":"https:\/\/fundacioassut.org\/index.php?rest_route=\/wp\/v2\/media\/4590"}],"wp:attachment":[{"href":"https:\/\/fundacioassut.org\/index.php?rest_route=%2Fwp%2Fv2%2Fmedia&parent=4200"}],"wp:term":[{"taxonomy":"category","embeddable":true,"href":"https:\/\/fundacioassut.org\/index.php?rest_route=%2Fwp%2Fv2%2Fcategories&post=4200"},{"taxonomy":"post_tag","embeddable":true,"href":"https:\/\/fundacioassut.org\/index.php?rest_route=%2Fwp%2Fv2%2Ftags&post=4200"}],"curies":[{"name":"wp","href":"https:\/\/api.w.org\/{rel}","templated":true}]}}