{"id":4251,"date":"2018-01-16T20:45:50","date_gmt":"2018-01-16T18:45:50","guid":{"rendered":"http:\/\/fundacioassut.org\/un-projecte-que-reflexiona-sobre-el-paisatge-cultural-de-lhorta-2\/"},"modified":"2019-08-26T13:48:16","modified_gmt":"2019-08-26T11:48:16","slug":"un-projecte-que-reflexiona-sobre-el-paisatge-cultural-de-lhorta-2","status":"publish","type":"post","link":"https:\/\/fundacioassut.org\/?p=4251","title":{"rendered":"Un projecte que reflexiona sobre el paisatge cultural de l&#8217;Horta"},"content":{"rendered":"<p><!--:es--><\/p>\n<p><!--:--><!--:ca--><\/p>\n<p>Entre els dies 11 i 13 de gener, van tindre lloc a l&#8217;Horta Nord les jornades de camp del projecte \u00abMosaics territorials de la Reial S\u00e9quia de Montcada\u00bb, una iniciativa acad\u00e8mica que gira al voltant dels paisatges culturals de l&#8217;Horta de Val\u00e8ncia i que comporta un viatge de descoberta d\u2019aquest territori i dels seus trets d&#8217;identitat. La iniciativa, coordinada per la Fundaci\u00f3 Assut, la Universitat Polit\u00e8cnica de Val\u00e8ncia i la Universitat Polit\u00e8cnica de Catalunya, ha comptat amb la col\u00b7laboraci\u00f3 directa dels ajuntaments d&#8217;Albalat dels Sorells, Meliana, Foios, Vinalesa, Bonrep\u00f2s i Mirambell i Val\u00e8ncia (pobles de Cases de B\u00e0rcena i Mahuella).<\/p>\n<p>Han estat tres jornades d&#8217;exploraci\u00f3 i treball, a les quals un nodrit grup d\u2019alumnes i professors universitaris va rec\u00f2rrer i con\u00e8ixer diferents indrets i elements territorials i patrimonials significatius de l&#8217;Horta de Val\u00e8ncia; concretament, del territori regat per la S\u00e9quia de Montcada. Ho van fer de la m\u00e0 de membres de la Fundaci\u00f3 Assut, experts acad\u00e8mics, professionals de l&#8217;\u00e0mbit paisatg\u00edstic, cultural i agr\u00edcola, i diverses entitats locals.<\/p>\n<p>L&#8217;objectiu \u00e9s promoure la reflexi\u00f3 activa sobre un paisatge cultural, transformat per l\u2019evoluci\u00f3 social i urbana, que \u00e9s alhora contenidor de mem\u00f2ria i de present; un territori modelat pel treball de les persones que l&#8217;habiten i definit per una hist\u00f2ria i un patrimoni que s\u00f3n encara ben vigents. Els trets identificatius, l\u2019evoluci\u00f3 del paisatge, la gesti\u00f3 dels seus valors productius i les estrat\u00e8gies per al seu desenvolupament sostenible, s\u00f3n algunes de les q\u00fcestions que s&#8217;han abordat en aquestes jornades de camp. L&#8217;experi\u00e8ncia t\u00e9 continu\u00eftat en un taller que proposa l&#8217;elaboraci\u00f3 d&#8217;un atles del territori i un quadern d&#8217;estrat\u00e8gies i propostes de paisatge.<\/p>\n<p><!--:--><\/p>\n","protected":false},"excerpt":{"rendered":"<p>Dins del projecte \u00abMosaics territorials de la Reial S\u00e9quia de Montcada\u00bb, un grup d\u2019estudiants, professors i experts s\u2019han trobat a l\u2019Horta de Val\u00e8ncia per con\u00e8ixer i treballar al voltant d\u2019aquests paisatges culturals de la terra i l\u2019aigua, parant especial atenci\u00f3 a les estrat\u00e8gies per al seu desenvolupament sostenible.<\/p>\n","protected":false},"author":1,"featured_media":3483,"comment_status":"closed","ping_status":"closed","sticky":false,"template":"","format":"standard","meta":{"_et_pb_use_builder":"","_et_pb_old_content":"","_et_gb_content_width":"","footnotes":""},"categories":[87],"tags":[91],"class_list":["post-4251","post","type-post","status-publish","format-standard","has-post-thumbnail","hentry","category-noticies","tag-sequia-de-montcada"],"_links":{"self":[{"href":"https:\/\/fundacioassut.org\/index.php?rest_route=\/wp\/v2\/posts\/4251","targetHints":{"allow":["GET"]}}],"collection":[{"href":"https:\/\/fundacioassut.org\/index.php?rest_route=\/wp\/v2\/posts"}],"about":[{"href":"https:\/\/fundacioassut.org\/index.php?rest_route=\/wp\/v2\/types\/post"}],"author":[{"embeddable":true,"href":"https:\/\/fundacioassut.org\/index.php?rest_route=\/wp\/v2\/users\/1"}],"replies":[{"embeddable":true,"href":"https:\/\/fundacioassut.org\/index.php?rest_route=%2Fwp%2Fv2%2Fcomments&post=4251"}],"version-history":[{"count":3,"href":"https:\/\/fundacioassut.org\/index.php?rest_route=\/wp\/v2\/posts\/4251\/revisions"}],"predecessor-version":[{"id":4783,"href":"https:\/\/fundacioassut.org\/index.php?rest_route=\/wp\/v2\/posts\/4251\/revisions\/4783"}],"wp:featuredmedia":[{"embeddable":true,"href":"https:\/\/fundacioassut.org\/index.php?rest_route=\/wp\/v2\/media\/3483"}],"wp:attachment":[{"href":"https:\/\/fundacioassut.org\/index.php?rest_route=%2Fwp%2Fv2%2Fmedia&parent=4251"}],"wp:term":[{"taxonomy":"category","embeddable":true,"href":"https:\/\/fundacioassut.org\/index.php?rest_route=%2Fwp%2Fv2%2Fcategories&post=4251"},{"taxonomy":"post_tag","embeddable":true,"href":"https:\/\/fundacioassut.org\/index.php?rest_route=%2Fwp%2Fv2%2Ftags&post=4251"}],"curies":[{"name":"wp","href":"https:\/\/api.w.org\/{rel}","templated":true}]}}