{"id":4253,"date":"2017-09-28T20:46:48","date_gmt":"2017-09-28T18:46:48","guid":{"rendered":"http:\/\/fundacioassut.org\/torna-lalbufera-de-les-aus-2\/"},"modified":"2019-08-08T21:07:46","modified_gmt":"2019-08-08T19:07:46","slug":"torna-lalbufera-de-les-aus-2","status":"publish","type":"post","link":"https:\/\/fundacioassut.org\/?p=4253","title":{"rendered":"Torna \u00abL&#8217;Albufera de les Aus\u00bb"},"content":{"rendered":"<p><!--:es--><\/p>\n<p>Del 6 al 8 de octubre, coincidiendo con la celebraci\u00f3n del D\u00eda Mundial de las Aves, las organizaciones, empresas y administraciones vinculadas a la conservaci\u00f3n de la naturaleza y el turismo ornitol\u00f3gico en L\u2019Albufera, entre ellas la Fundaci\u00f3 Assut, dedican un fin de semana a divulgar el valor y la diversidad de las aves de este humedal, y a ense\u00f1ar el trabajo que muchas personas realizan por su conservaci\u00f3n.<\/p>\n<p>En su segunda edici\u00f3n, el festival L\u2019Albufera de les Aus convoca a los amantes de la naturaleza, a expertos y novatos, a participar de un conjunto de actividades que pretenden descubrirnos el placer de observar aves en L\u2019Albufera y la importancia que tiene poder seguir disfrut\u00e1ndolas en el futuro.<\/p>\n<p>Charlas y presentaciones, feria de entidades, exposici\u00f3n fotogr\u00e1fica, talleres y juegos infantiles, actividades y salidas de observaci\u00f3n de aves, cine al aire libre, maratones ornitol\u00f3gicos para \u00abpajareros\u00bb de todas las edades y todos los niveles&#8230; Las actividades de L\u2019Albufera de les Aus se reparten de viernes a domingo entre la Casa Forestal de El Saler, el Centro de Interpretaci\u00f3n del Rac\u00f3 de l\u2019Olla, el Tancat de la Pipa y otros lugares del humedal.<\/p>\n<p>Los organizadores, entre los que se cuentan instituciones como la Agencia Valenciana de Turismo y el Patronato de Turismo de la Diputaci\u00f3n de Valencia, organizaciones como SEO\/BirdLife, Acci\u00f3 Ecologista-Agr\u00f3, la Sociedad Valenciana de Ornitolog\u00eda y la Fundaci\u00f3 Assut, y las empresas integradas en la Asociaci\u00f3n de Gu\u00edas de Birding de la Comunidad Valenciana, esperan que esta experiencia, al margen de su objetivo divulgativo, sirva para consolidar un certamen que se repita cada a\u00f1o y que contribuya a promover el turismo ornitol\u00f3gico de L\u2019Albufera y de otros espacios naturales de la Comunidad Valenciana.<\/p>\n<p>En L\u2019Albufera de les Aus 2017, colaboran adem\u00e1s el Parc Natural de l\u2019Albufera, el Ayuntamiento de Valencia, Gracomsa Alimentaria, Nuova Sesac, Swarovski Optik, Pavagua Ambiental, Acuamed, Confederaci\u00f3n Hidrogr\u00e1fica del J\u00facar, Samaruc Digital, Tundra Ediciones y Calderona Viva.<\/p>\n<p><strong>VIERNES 6<\/strong><\/p>\n<p><strong>TARDE EN LA CASA FORESTAL DE EL SALER<\/strong><\/p>\n<p>18 h. Inauguraci\u00f3n oficial y presentaci\u00f3n de la exposici\u00f3n de l&#8217;exposici\u00f3 Les aus de l&#8217;Albufera, de Jos\u00e9 Ignacio Ballester.<\/p>\n<p>19:15 h. Charla y mesa redonda: Claves para la conservaci\u00f3n, gesti\u00f3n y divulgaci\u00f3n del Parque Natural, con Mario Gim\u00e9nez (SEO\/BirdLife) y Bosco Dies (Fundaci\u00f3 Assut).<\/p>\n<p>20 h. Merienda<\/p>\n<p><strong>S\u00c1BADO 7<\/strong><\/p>\n<p><strong>MAT\u00cd EN EL CENTRO DE INTERPRETACI\u00d3N DEL RAC\u00d3 DE L\u2019OLLA<\/strong><\/p>\n<p>De 9:30 a 14 h.<\/p>\n<p>Feria de asociaciones, empresas e instituciones<\/p>\n<p>Talleres y juegos infantiles con Seo\/Birdlife y Calderona Viva<\/p>\n<p>Firma de libros por Antonio Sandoval, autor de \u00bfPara qu\u00e9 sirven las aves? (Tundra Ediciones)<\/p>\n<p>Taller Swarovski Optik<\/p>\n<p>Observaci\u00f3n de aves (con Sociedad Valenciana de Ornitolog\u00eda)<\/p>\n<p>Excursi\u00f3n de birdwatching guiada por Asociaci\u00f3n de Gu\u00edas de Birding CV y Swarovski Optik (10:30 h.) Inscripci\u00f3n previa en albuferadelesaus@gmail.com<\/p>\n<p>11 h. Charla: Escocia, un para\u00edso para los ornit\u00f3logos (Pau Lucio, Birdwatching Spain)<\/p>\n<p>11:40 h. Charla: Atlas de las aves invernantes de la provincia de Valencia (Toni Polo y Raquel P\u00e9rez, SVO)<\/p>\n<p>12:20 h. Charla: Restauraci\u00f3n de h\u00e1bitat para la migraci\u00f3n del carricer\u00edn cejudo (Acrocephalus paludicola) en la Pen\u00ednsula Ib\u00e9rica (Antonio Guillem, Fundaci\u00f3n Global Nature)<\/p>\n<p>12.45 h. Charla: Birding Albufera, el portal de las aves de L&#8217;Albufera (Bosco Dies, Fundaci\u00f3 Assut)<\/p>\n<p><strong>TARDE EN LA CASA FORESTAL DE EL SALER<\/strong><\/p>\n<p>18:30 h. Charla: Esos extra\u00f1os charranes de pico naranja (Jos\u00e9 Ignacio Dies)<\/p>\n<p>19:30 h. Charla: \u00bfPara qu\u00e9 sirven las aves? (Antonio Sandoval)<\/p>\n<p>21 h. Cine al aire libre: The Million Dollar Duck, de Brian Golden Davies (por Fundaci\u00f3 Assut)<\/p>\n<p><strong>DOMINGO 8<\/strong><\/p>\n<p><strong>MA\u00d1ANA EN EL PORT DE CATARROJA Y EL TANCAT DE LA PIPA<\/strong><\/p>\n<p>De 8:30 a 12:30 h. Marat\u00f3n ornitol\u00f3gico por equipos en L\u2019Albufera<br \/>\nInscripci\u00f3n en albuferadelesaus@gmail.com<\/p>\n<p>De 10 a 12:30 h. Pequemarat\u00f3n ornitol\u00f3gico en barca y a pie (con Acci\u00f3 Ecologista-Agr\u00f3 y SEO\/BirdLife)<br \/>\nInscripci\u00f3 en albuferadelesaus@gmail.com<\/p>\n<p>De 12:45 a 13:45. Almuerzo y clausura<\/p>\n<p><!--:--><!--:ca--><\/p>\n<p>Del 6 al 8 d&#8217;octubre, coincidint amb la celebraci\u00f3 del Dia Mundial de les Aus, les organitzacions, empreses i administracions vinculades a la conservaci\u00f3 de la naturalesa i el turisme ornitol\u00f2gic a l\u2019Albufera, entre elles la Fundaci\u00f3 Assut, dediquen un cap de setmana a divulgar el valor i la diversitat de les aus d&#8217;aquest aiguamoll, i a ensenyar el treball que moltes persones realitzen per la seua conservaci\u00f3.<\/p>\n<p>En la seua segona edici\u00f3, el festival L\u2019Albufera de les Aus convoca els amants de la naturalesa, experts i noven\u00e7ans, a participar d&#8217;un conjunt d&#8217;activitats que pretenen descobrir-nos el plaer d&#8217;observar aus a l\u2019Albufera i la import\u00e0ncia que t\u00e9 poder seguir gaudint-les en el futur.<\/p>\n<p>Xarrades i presentacions, fira d&#8217;entitats, exposici\u00f3 fotogr\u00e0fica, tallers i jocs infantils, activitats i eixides d&#8217;observaci\u00f3 d&#8217;aus, cinema a l&#8217;aire lliure, maratons ornitol\u00f2giques per a \u00abpardalers\u00bb de totes les edats i tots els nivells&#8230; Les activitats de L\u2019Albufera de les Aus es reparteixen de divendres a diumenge entre la Casa Forestal del Saler, el Centre d&#8217;Interpretaci\u00f3 del Rac\u00f3 de l\u2019Olla, el Tancat de la Pipa i altres indrets del parc natural.<\/p>\n<p>Els organitzadors, entre els quals hi ha institucions com l&#8217;Ag\u00e8ncia Valenciana de Turisme i el Patronat de Turisme de la Diputaci\u00f3 de Val\u00e8ncia, organitzacions com SEO\/BirdLife, Acci\u00f3 Ecologista-Agr\u00f3, la Societat Valenciana d&#8217;Ornitologia i la Fundaci\u00f3 Assut, i les empreses integrades en l&#8217;Associaci\u00f3 de Guies de Birding de la Comunitat Valenciana, esperen que aquesta experi\u00e8ncia, al marge del seu objectiu divulgatiu, servisca per a consolidar un certamen que es repetisca cada any i que contribu\u00efsca a promoure el turisme ornitol\u00f2gic de l\u2019Albufera i d&#8217;altres espais naturals de la Comunitat Valenciana.<\/p>\n<p>En L\u2019Albufera de les Aus 2017, col\u00b7laboren a m\u00e9s el Parc Natural de l\u2019Albufera, l&#8217;Ajuntament de Val\u00e8ncia, Gracomsa Aliment\u00e0ria, Nuova Sesac, Swarovski Optik, Pavagua Ambiental, Acuamed, Confederaci\u00f3 Hidrogr\u00e0fica del X\u00faquer, Samaruc Digital, Tundra Edicions i Calderona Viva.<\/p>\n<p><strong>DIVENDRES 6<\/strong><\/p>\n<p><strong>VESPRADA A LA CASA FORESTAL DEL SALER<\/strong><\/p>\n<p>18 h. Inauguraci\u00f3 oficial i presentaci\u00f3 de l&#8217;exposici\u00f3 Les aus de l&#8217;Albufera, de Jos\u00e9 Ignacio Ballester.<\/p>\n<p>19:15 h. Xarrada i taula redona: Claus per a la conservaci\u00f3, gesti\u00f3 i divulgaci\u00f3 del Parc Natural, amb Mario Gim\u00e9nez (SEO\/BirdLife) i Bosco Dies (Fundaci\u00f3 Assut).<\/p>\n<p>20 h. Picadeta<\/p>\n<p><strong>DISSABTE 7<\/strong><\/p>\n<p><strong>MAT\u00cd AL CENTRE D&#8217;INTERPRETACI\u00d3 DEL RAC\u00d3 DE L&#8217;OLLA<\/strong><\/p>\n<p>De 9:30 a 14 h.<\/p>\n<p>Fira d&#8217;associacions, empreses i institucions<\/p>\n<p>Tallers i jocs infantils amb Seo\/Birdlife i Calderona Viva<\/p>\n<p>Signatura de llibres per Antonio Sandoval, autor de \u00bfPara qu\u00e9 sirven las aves? (Tundra Ediciones)<\/p>\n<p>Taller Swarovski Optik<\/p>\n<p>Observaci\u00f3 d&#8217;aus (amb Societat Valenciana d&#8217;Ornitologia)<\/p>\n<p>Excursi\u00f3 de birdwatching guiada per Asociaci\u00f3n de Gu\u00edas de Birding CV i Swarovski Optik (10:30 h., inscripci\u00f3 pr\u00e8via en albuferadelesaus@gmail.com)<\/p>\n<p>11 h. Xarrada: Esc\u00f2cia, un parad\u00eds per als ornit\u00f2legs (Pau Lucio, Birdwatching Spain)<\/p>\n<p>11:40 h. Xarrada: Atles de les aus hivernants de la prov\u00edncia de Val\u00e8ncia (Toni Polo i Raquel P\u00e9rez, SVO)<\/p>\n<p>12:20 h. Xarrada: Restauraci\u00f3 d&#8217;h\u00e0bitat per a la migraci\u00f3 de la xitxarra d&#8217;aigua (Acrocephalus paludicola) en la pen\u00ednsula ib\u00e9rica (Antonio Guillem, Fundaci\u00f3n Global Nature)<\/p>\n<p>12.45 h. Xarrada: Birding Albufera, el portal de les aus de l&#8217;Albufera (Bosco Dies, Fundaci\u00f3 Assut)<\/p>\n<p><strong>VESPRADA A LA CASA FORESTAL DEL SALER<\/strong><\/p>\n<p>18:30 h. Xarrada: Eixos xatracs estranys amb el bec taronja (Jos\u00e9 Ignacio Dies)<\/p>\n<p>19:30 h. Xarrada: \u00bfPara qu\u00e9 sirven las aves? (Antonio Sandoval)<\/p>\n<p>21 h. Cinema a la fresca: The Million Dollar Duck, de Brian Golden Davies (per Fundaci\u00f3 Assut)<\/p>\n<p><strong>DIUMENGE 8<\/strong><\/p>\n<p><strong>MAT\u00cd AL PORT DE CATARROJA I EL TANCAT DE LA PIPA<\/strong><\/p>\n<p>De 8:30 a 12:30 h. Marat\u00f3 ornitol\u00f2gica per equips a l&#8217;Albufera (inscripci\u00f3 en albuferadelesaus@gmail.com)<\/p>\n<p>De 10 a 12:30 h. Xiquimarat\u00f3 ornitol\u00f2gica amb barca i a peu (amb Acci\u00f3 Ecologista-Agr\u00f3 i SEO\/BirdLife; inscripci\u00f3 en albuferadelesaus@gmail.com)<\/p>\n<p>De 12:45 a 13:45. Esmorzar i cloenda<\/p>\n<p><!--:--><\/p>\n","protected":false},"excerpt":{"rendered":"<p><!--:es-->El fin de semana del 6 al 8 de octubre, se celebra la segunda edici\u00f3n de \u00abL&#8217;Albufera de les Aus\u00bb, certamen que quiere llamar la atenci\u00f3n sobre la proyecci\u00f3n del turismo ornitol\u00f3gico, la conveniencia y el placer de la observaci\u00f3n de aves y la necesidad de conservar la biodiversidad a la Albufera y otros humedales y espacios naturales valencianos.<!--:--><!--:ca-->El cap de setmana del 6 al 8 d&#8217;octubre, se celebra la segona edici\u00f3 de \u00abL&#8217;Albufera de les Aus\u00bb, certamen que vol cridar l&#8217;atenci\u00f3 sobre la projecci\u00f3 del turisme ornitol\u00f2gic, la conveni\u00e8ncia i el plaer de l&#8217;observaci\u00f3 d&#8217;aus i la necessitat de conservar la biodiversitat a l&#8217;Albufera i altres aiguamolls i espais naturals valencians.<!--:--><\/p>\n","protected":false},"author":5,"featured_media":3650,"comment_status":"closed","ping_status":"closed","sticky":false,"template":"","format":"standard","meta":{"_et_pb_use_builder":"","_et_pb_old_content":"","_et_gb_content_width":"","footnotes":""},"categories":[89],"tags":[118],"class_list":["post-4253","post","type-post","status-publish","format-standard","has-post-thumbnail","hentry","category-convocatories","tag-programa-cerca"],"_links":{"self":[{"href":"https:\/\/fundacioassut.org\/index.php?rest_route=\/wp\/v2\/posts\/4253","targetHints":{"allow":["GET"]}}],"collection":[{"href":"https:\/\/fundacioassut.org\/index.php?rest_route=\/wp\/v2\/posts"}],"about":[{"href":"https:\/\/fundacioassut.org\/index.php?rest_route=\/wp\/v2\/types\/post"}],"author":[{"embeddable":true,"href":"https:\/\/fundacioassut.org\/index.php?rest_route=\/wp\/v2\/users\/5"}],"replies":[{"embeddable":true,"href":"https:\/\/fundacioassut.org\/index.php?rest_route=%2Fwp%2Fv2%2Fcomments&post=4253"}],"version-history":[{"count":2,"href":"https:\/\/fundacioassut.org\/index.php?rest_route=\/wp\/v2\/posts\/4253\/revisions"}],"predecessor-version":[{"id":4255,"href":"https:\/\/fundacioassut.org\/index.php?rest_route=\/wp\/v2\/posts\/4253\/revisions\/4255"}],"wp:featuredmedia":[{"embeddable":true,"href":"https:\/\/fundacioassut.org\/index.php?rest_route=\/wp\/v2\/media\/3650"}],"wp:attachment":[{"href":"https:\/\/fundacioassut.org\/index.php?rest_route=%2Fwp%2Fv2%2Fmedia&parent=4253"}],"wp:term":[{"taxonomy":"category","embeddable":true,"href":"https:\/\/fundacioassut.org\/index.php?rest_route=%2Fwp%2Fv2%2Fcategories&post=4253"},{"taxonomy":"post_tag","embeddable":true,"href":"https:\/\/fundacioassut.org\/index.php?rest_route=%2Fwp%2Fv2%2Ftags&post=4253"}],"curies":[{"name":"wp","href":"https:\/\/api.w.org\/{rel}","templated":true}]}}