{"id":4259,"date":"2017-07-15T20:49:33","date_gmt":"2017-07-15T18:49:33","guid":{"rendered":"http:\/\/fundacioassut.org\/amfibi-2017-blasco-ibanez-2\/"},"modified":"2019-08-08T21:07:46","modified_gmt":"2019-08-08T19:07:46","slug":"amfibi-2017-blasco-ibanez-2","status":"publish","type":"post","link":"https:\/\/fundacioassut.org\/?p=4259","title":{"rendered":"Amfibi en l&#8217;Any Blasco Ib\u00e1\u00f1ez"},"content":{"rendered":"<p><!--:es--><\/p>\n<p>Con motivo de la celebraci\u00f3n en 2017 del A\u00f1o Blasco Ib\u00e1\u00f1ez, el festival Amfibi proyectar\u00e1 dos pel\u00edculas basadas en sendas novelas del escritor y situadas respectivamente en los paisajes de la Huerta de Valencia y L\u2019Albufera: <em>La barraca<\/em> (Roberto Gavald\u00f3n, 1945) y <em>Ca\u00f1as y barro<\/em> (Juan de Ordu\u00f1a, 1954).<\/p>\n<p><em>La barraca<\/em>, la novela, publicada en 1898, es una de las obras cardinales del costumbrismo espa\u00f1ol, y la pel\u00edcula, rodada en M\u00e9xico medio siglo despu\u00e9s, formalmente un melodrama social, constituye una muestra de ese cine del exilio en el que, adem\u00e1s de una reivindicaci\u00f3n del regionalismo, algunos han visto tambi\u00e9n cierta celebraci\u00f3n del esp\u00edritu republicano.<\/p>\n<p>Por su parte, el film <em>Ca\u00f1as y barro<\/em>, rodado en L\u2019Albufera en 1954, ejemplo perfecto del cine del franquismo, adapta la novela hom\u00f3nima que el escritor public\u00f3 en 1902 y que representa una de las cumbres de su producci\u00f3n literaria. Lo hace suavizando u obviando los conflictos morales que Blasco Ib\u00e1\u00f1ez plantea en el libro, pecados y cr\u00edmenes como el adulterio, el incesto o el suicidio, y, consecuentemente, achicando la complejidad de unos personajes que se sit\u00faan al borde del abismo.<\/p>\n<p>Junto a <em>La barraca<\/em> y <em>Ca\u00f1as y barro<\/em>, la programaci\u00f3n de Amfibi incluye dos documentales centrados en la memoria, las experiencias y la aportaci\u00f3n hist\u00f3rica de la mujer a la Huerta: <em>Entre el dia i la nit no hi ha paret<\/em> (2017), protagonizado por varias vecinas de Campanar y realizado por el colectivo de <a href=\"https:\/\/www.facebook.com\/Les-Espigolaores-534831143376564\/\">Les Espigolaores<\/a>, y <em>Abans eren albercoquers: recordant, entre el mol\u00ed i el quadrat <\/em>(2017), un trabajo del colectivo <a href=\"http:\/\/artxiviu.org\/es\/inicio\/\">Artxiviu de l\u2019Horta<\/a> que efect\u00faa un viaje a la memoria del viejo molino de Albalat dels Sorells y la vida en la huerta a trav\u00e9s de los recuerdos de una anciana y su familia.<\/p>\n<p><a href=\"http:\/\/fundacioassut.org\/wp-content\/uploads\/2017\/07\/Cartell-Amfibi-2017-baixa1.jpg\"><img loading=\"lazy\" decoding=\"async\" class=\"aligncenter size-large wp-image-3301\" src=\"http:\/\/fundacioassut.org\/wp-content\/uploads\/2017\/07\/Cartell-Amfibi-2017-baixa1-258x366.jpg\" alt=\"Cartell Amfibi 2017 baixa\" width=\"258\" height=\"366\"><\/a><\/p>\n<p>.<\/p>\n<p>&#8212;<\/p>\n<p><strong>PROGRAMACI\u00d3N<\/strong><\/p>\n<p><strong>Jueves 20 de julio, en el Colegio de Arquitectos de Valencia<\/strong> (Hern\u00e1n Cort\u00e9s, 6; Valencia. Entrada libre)<\/p>\n<p><strong>19:45 h.: Presentaci\u00f3n, proyecci\u00f3n y coloquio<\/strong><\/p>\n<p><a href=\"http:\/\/fundacioassut.org\/wp-content\/uploads\/2017\/07\/Cartell-Amfibi-2017-LA-BARRACA-baixa.jpg\"><img loading=\"lazy\" decoding=\"async\" class=\"aligncenter size-large wp-image-3298\" src=\"http:\/\/fundacioassut.org\/wp-content\/uploads\/2017\/07\/Cartell-Amfibi-2017-LA-BARRACA-baixa-258x366.jpg\" alt=\"Cartell Amfibi 2017 - LA BARRACA baixa\" width=\"258\" height=\"366\"><\/a><\/p>\n<p>.<\/p>\n<p><strong>ENTRE EL DIA I LA NIT NO HI HA PARET<\/strong><\/p>\n<p>Espa\u00f1a. 2017. Documental. Color. 60 min.<\/p>\n<p>Protagonistas: Carmen Giner, Carmen Peris, Dolores Tamarit, Mar\u00eda Tamarit, Milagros Campos, Pepita Roig, Pilar Rausell, Vicenta Torrijo. Directoras: Les Espigolaores (Teresa de la Fuente, Natalia Castellanos, Sarai Fari\u00f1as, Guillermo Palau, Alba Herrero).<\/p>\n<p>Un documental sobre las mujeres que viven o han vivido en Campanar, en la Partida de Dalt o a la desaparecida Partida del Pouet. A trav\u00e9s de sus relatos, se abordan sus pr\u00e1cticas, saberes y experiencias de vida, y se cuestiona la imagen masculinizada que a menudo se tiene de este territorio, la Huerta. El documental parte de la memoria de las mujeres y de sus subjetividades para reivindicar desde lo cotidiano los saberes \u00abinvisibilizados\u00bb y desplazados que han formado parte de la construcci\u00f3n del territorio, y se presenta como una herramienta con la que repensar el presente. C\u00e1mara, edici\u00f3n y producci\u00f3n: Les Espigolaores.<\/p>\n<p>&#8212;<\/p>\n<p><strong>22 h.: Presentaci\u00f3n y proyecci\u00f3n al aire libre<\/strong><\/p>\n<p><strong>LA BARRACA<\/strong><\/p>\n<p>M\u00e9xico. 1945. Dram\u00e1tico. Blanco y negro. 110 min.<\/p>\n<p>Domingo Soler, Anita Blanch, Amparo Morillo, Jos\u00e9 Baviera, Luana Alca\u00f1iz. Director: Roberto Gavald\u00f3n.<\/p>\n<p>En la huerta valenciana, la familia del t\u00edo Barret tiene que abandonar su hogar, la barraca, al no poder pagar las deudas contra\u00eddas con su propietario, don Salvador. El t\u00edo Barret, borracho y lleno de ira, mata a don Salvador y es encarcelado. La barraca es ocupada por la familia de Batiste que, debido a las circunstancias en que tuvo que ser abandonada la casa, padece las hostilidades de los huertanos. Argumento: la novela de Vicente Blasco Ib\u00e1\u00f1ez. Gui\u00f3n: Libertad Blasco Ib\u00e1\u00f1ez, Paulino Masip y Abel Velilla. Fotograf\u00eda: V\u00edctor Herrera. M\u00fasica: F\u00e9lix Baltazar Samper. Producci\u00f3n: Clasa Films Mundiales.<\/p>\n<p>&#8212;<\/p>\n<p><strong>Viernes 21 de julio, en la Casa Forestal de El Saler<\/strong> (Tallafoc del Saler, s\/n; El Saler. Entrada libre)<\/p>\n<p><strong>22 h.: Presentaci\u00f3n y proyecci\u00f3n al aire libre<\/strong><\/p>\n<p><a href=\"http:\/\/fundacioassut.org\/wp-content\/uploads\/2017\/07\/Cartell-Amfibi-2017-EL-SALER-baixa.jpg\"><img loading=\"lazy\" decoding=\"async\" class=\"aligncenter size-large wp-image-3299\" src=\"http:\/\/fundacioassut.org\/wp-content\/uploads\/2017\/07\/Cartell-Amfibi-2017-EL-SALER-baixa-258x366.jpg\" alt=\"Cartell Amfibi 2017 - EL SALER baixa\" width=\"258\" height=\"366\"><\/a><\/p>\n<p>.<\/p>\n<p><strong>CA\u00d1AS Y BARRO<\/strong><\/p>\n<p>Espa\u00f1a-Italia. 1954. Dram\u00e1tico. Blanco y negro. 100 min.<\/p>\n<p>Anna Amendola, Virgilio Teixeira, Jos\u00e9 Nieto. Director: Juan de Ordu\u00f1a.<\/p>\n<p>En L\u2019Albufera de Valencia, a principios del siglo XX, la historia y los conflictos de tres generaciones de una familia: el T\u00edo Paloma, el barquero m\u00e1s r\u00e1pido del lago; su hijo Tono, decidido a romper con la tradici\u00f3n familiar de la pesca y dedicarse al cultivo de arroz, y el hijo de \u00e9ste, Tonet, el \u00faltimo de la saga. Argumento: la novela de Vicente Blasco Ib\u00e1\u00f1ez. Gui\u00f3n: Manuel Tamayo. Fotograf\u00eda: Jos\u00e9 F. Aguayo. M\u00fasica: Ricardo Lamotte de Grignon. Producci\u00f3n: Producciones Ordu\u00f1a Films y Pico Films.<\/p>\n<p>&#8212;<\/p>\n<p><strong>Domingo 23 de julio, en la Pla\u00e7a del Castell de Albalat dels Sorells<\/strong><\/p>\n<p><strong>22:30 h. Presentaci\u00f3n, proyecci\u00f3n y coloquio al aire libre<\/strong><\/p>\n<p><a href=\"http:\/\/fundacioassut.org\/wp-content\/uploads\/2017\/07\/Cartell-Amfibi-2017-ALBALAT-baixa.jpg\"><img loading=\"lazy\" decoding=\"async\" class=\"aligncenter size-large wp-image-3300\" src=\"http:\/\/fundacioassut.org\/wp-content\/uploads\/2017\/07\/Cartell-Amfibi-2017-ALBALAT-baixa-258x366.jpg\" alt=\"Cartell Amfibi 2017 - ALBALAT baixa\" width=\"258\" height=\"366\"><\/a><\/p>\n<p>.<\/p>\n<p><strong>ABANS EREN ALBERCOQUERS: RECORDANT, ENTRE EL MOL\u00cd I EL QUADRAT<\/strong><\/p>\n<p>Espa\u00f1a. 2017. Documental. Color. 36 min.<\/p>\n<p>Protagonistas: Carmen Cari\u00f1ena, Vicent Noalles, Rafa Cari\u00f1ena, Vicent Oliver, Mercedes Mart\u00ed, Mercedes Mart\u00ednez, Mercedes Oliver, Manolo Fenollosa.<\/p>\n<p>Acompa\u00f1ando a Carmen Cari\u00f1ena en su viaje por las memorias del molino de Albalat y la huerta de su pueblo, su familia y un grupo de vecinos se re\u00fanen en el \u00abquadrat\u00bb de Albalat dels Sorells, de la Real Acequia de Moncada, con la intenci\u00f3n de compartir con ella un almuerzo y recuerdos sobre los viejos paisajes del agua. Gui\u00f3n y entrevistas: Ignasi Mangue. Fotograf\u00eda: Daniel Tom\u00e0s Marquina, Miguel \u00c1ngel Baixauli y Cris Centeno. Edici\u00f3n: Daniel Tom\u00e0s Marquina i Cris Centeno. Sonido: Jos\u00e9 Juan Mart\u00ednez. Producci\u00f3n: Ignasi Mangue, para Artxiviu de l\u2019Horta.<\/p>\n<p>&#8212;<\/p>\n<p><strong>19:30 h., charla y taller de elaboraci\u00f3n e instalaci\u00f3n de refugios para murci\u00e9lagos<\/strong><\/p>\n<p><strong>ALIADES EN LA NIT<\/strong><\/p>\n<p>La tarde del viernes 21, antes de la proyecci\u00f3n de la pel\u00edcula, el Grupo Roncadell y Acci\u00f3 Ecologista-Agr\u00f3, con la colaboraci\u00f3n de la Fundaci\u00f3 Assut, realizar\u00e1n una actividad abierta al p\u00fablico de charla, instalaci\u00f3n de refugios para murci\u00e9lagos y excursi\u00f3n por el entorno de El Saler, en el Parc Natural de l\u2019Albufera. Los participantes aprender\u00e1n algunas cosas sobre los murci\u00e9lagos de L\u2019Albufera y su papel en el control biol\u00f3gico de plagas.<\/p>\n<p>El murci\u00e9lago de Cabrera (Pipistrellus pygmaeus), que se alimenta de insectos, mantiene a raya mosquitos y algunas plagas, como la del barrenador del arroz; pero este peque\u00f1o mam\u00edfero alado, propio de los humedales, tiene cada vez m\u00e1s complicado encontrar grietas y huecos donde establecer sus colonias. La soluci\u00f3n pasa por algo tan simple como colocar unas pocas cajas-refugio estrat\u00e9gicamente.<\/p>\n<p>&#8212;<\/p>\n<p><strong>Amfibi<\/strong> 2017 est\u00e1 organizado por la Fundaci\u00f3 Assut y cuenta con el apoyo de <strong>Gracomsa Aliment\u00e0ria<\/strong> y <strong>Nuova Sesac<\/strong>. Colaboran: Col\u00b7legi Territorial d&#8217;Arquitectes de Val\u00e8ncia, Ajuntament de Val\u00e8ncia (Regidoria de Conservaci\u00f3 d&#8217;\u00c0rees Naturals i Devesa Albufera), Ajuntament d&#8217;Albalat dels Sorells (Regidoria de Cultura i Educaci\u00f3), Alcaldia del Saler, Conselleria d&#8217;Educaci\u00f3, Investigaci\u00f3, Cultura i Esport, Acci\u00f3 Ecologista-Agr\u00f3, Roncadell, La Granja de Bitxos y Fundaci\u00f3n y Centro de Estudios Vicente Blasco Ib\u00e1\u00f1ez.<!--:--><!--:ca--><\/p>\n<p>Amb motiu de la celebraci\u00f3 en 2017 de l&#8217;Any Blasco Ib\u00e1\u00f1ez, el festival Amfibi projectar\u00e0 dues pel\u00b7l\u00edcules basades en sengles novel\u00b7les de l&#8217;escriptor i situades respectivament en els paisatges de l&#8217;Horta de Val\u00e8ncia i l&#8217;Albufera: <em>La barraca<\/em> (Roberto Gavald\u00f3n, 1945) i <em>Ca\u00f1as y barro<\/em> (Juan de Ordu\u00f1a, 1954).<\/p>\n<p><em>La barraca<\/em>, la novel\u00b7la, publicada en 1898, \u00e9s una de les obres cardinals del costumisme espanyol, i la pel\u00b7l\u00edcula, rodada a M\u00e8xic mig segle despr\u00e9s, formalment un melodrama social, constitueix una mostra d&#8217;aqueix cinema de l&#8217;exili en la qual, a m\u00e9s d&#8217;una reivindicaci\u00f3 del regionalisme, alguns han vist tamb\u00e9 certa celebraci\u00f3 de l&#8217;esperit republic\u00e0.<\/p>\n<p>Per la seua banda, el film <em>Ca\u00f1as y barro,<\/em> rodat a l&#8217;Albufera en 1954, exemple perfecte del cinema del franquisme, adapta la novel\u00b7la hom\u00f2nima que l&#8217;escriptor va publicar en 1902 i que representa un dels cims de la seua producci\u00f3 liter\u00e0ria. Ho fa suavitzant o obviant els conflictes morals que Blasco Ib\u00e1\u00f1ez planteja en el llibre, pecats i crims com l&#8217;adulteri, l&#8217;incest o el su\u00efcidi, i, conseq\u00fcentment, minvant la complexitat d&#8217;uns personatges que se situen a la vora de l&#8217;abisme.<\/p>\n<p>Juntament amb <em>La barraca<\/em> i <em>Ca\u00f1as y barro<\/em>, la programaci\u00f3 d&#8217;Amfibi inclou dos documentals centrats en la mem\u00f2ria, les experi\u00e8ncies i l&#8217;aportaci\u00f3 hist\u00f2rica de la dona a l&#8217;Horta: <em>Entre el dia i la nit no hi ha paret <\/em>(2017), protagonitzat per unes ve\u00efnes de Campanar i realitzat pel col\u00b7lectiu de <a href=\"https:\/\/www.facebook.com\/Les-Espigolaores-534831143376564\/\">Les Espigolaores<\/a>, i <em>Abans eren albercoquers: recordant, entre el mol\u00ed i el quadrat<\/em> (2017), un treball del col\u00b7lectiu <a href=\"http:\/\/artxiviu.org\/va\/inici\/\">Artxiviu de l&#8217;Horta<\/a> que efectua un viatge a la mem\u00f2ria del vell mol\u00ed d&#8217;Albalat dels Sorells i la vida a l&#8217;horta a trav\u00e9s dels records d&#8217;una anciana i la seua fam\u00edlia.<\/p>\n<p><a href=\"http:\/\/fundacioassut.org\/wp-content\/uploads\/2017\/07\/Cartell-Amfibi-2017-baixa1.jpg\"><img loading=\"lazy\" decoding=\"async\" class=\"aligncenter size-large wp-image-3301\" src=\"http:\/\/fundacioassut.org\/wp-content\/uploads\/2017\/07\/Cartell-Amfibi-2017-baixa1-258x366.jpg\" alt=\"Cartell Amfibi 2017 baixa\" width=\"258\" height=\"366\"><\/a><\/p>\n<p>.<\/p>\n<p>&#8212;<\/p>\n<p><strong>PROGRAMACI\u00d3<\/strong><\/p>\n<p><strong>Dijous 20 de juliol, al Col\u00b7legi d\u2019Arquitectes de Val\u00e8ncia<\/strong> (Hern\u00e1n Cort\u00e9s, 6; Val\u00e8ncia. Entrada lliure)<\/p>\n<p><strong>19:45 h.: Presentaci\u00f3, projecci\u00f3 i col\u00b7loqui<\/strong><\/p>\n<p><a href=\"http:\/\/fundacioassut.org\/wp-content\/uploads\/2017\/07\/Cartell-Amfibi-2017-LA-BARRACA-baixa.jpg\"><img loading=\"lazy\" decoding=\"async\" class=\"aligncenter size-large wp-image-3298\" src=\"http:\/\/fundacioassut.org\/wp-content\/uploads\/2017\/07\/Cartell-Amfibi-2017-LA-BARRACA-baixa-258x366.jpg\" alt=\"Cartell Amfibi 2017 - LA BARRACA baixa\" width=\"258\" height=\"366\"><\/a><\/p>\n<p>.<\/p>\n<p><strong>ENTRE EL DIA I LA NIT NO HI HA PARET<\/strong><\/p>\n<p>Espanya. 2017. Documental. Color. 60 min.<\/p>\n<p>Protagonistes: Carmen Giner, Carmen Peris, Dolores Tamarit, Mar\u00eda Tamarit, Milagros Campos, Pepita Roig, Pilar Rausell, Vicenta Torrijo. Directores: Les Espigolaores (Teresa de la Fuente, Natalia Castellanos, Sarai Fari\u00f1as, Guillermo Palau, Alba Herrero).<\/p>\n<p>Un documental sobre les dones que viuen o han viscut a Campanar, a la Partida de Dalt o a la desapareguda Partida del Pouet. Mitjan\u00e7ant els seus relats, s&#8217;aborda quines han sigut les seues pr\u00e0ctiques, sabers i experi\u00e8ncies de vida, i es q\u00fcestiona la imatge masculinitzada que sovint tenim d&#8217;aquest territori, l&#8217;Horta. El documental parteix de la mem\u00f2ria de les dones i de les seues subjectivitats per reivindicar, des d&#8217;all\u00f3 quotidi\u00e0, els sabers invisibilitzats i despla\u00e7ats que han format part de la construcci\u00f3 del territori, i es presenta com una eina amb la qual repensar el present. C\u00e0mera, edici\u00f3 i producci\u00f3: Les Espigolaores.<\/p>\n<p>&#8212;<\/p>\n<p><strong>22 h.: Presentaci\u00f3 i projecci\u00f3 a l&#8217;aire lliure<\/strong><\/p>\n<p><strong>LA BARRACA<\/strong><\/p>\n<p>M\u00e8xic. 1945. Dram\u00e0tic. Blanc i negre. 110 min.<\/p>\n<p>Domingo Soler, Anita Blanch, Amparo Morillo, Jos\u00e9 Baviera, Luana Alca\u00f1iz. Director: Roberto Gavald\u00f3n.<\/p>\n<p>A l&#8217;horta valenciana, la fam\u00edlia del tio Barret ha d&#8217;abandonar la seua llar, la barraca, per no poder pagar els deutes contrets amb el seu propietari, don Salvador. El tio Barret, borratxo i encegat d&#8217;ira, mata don Salvador i \u00e9s empresonat. La barraca \u00e9s ocupada per la fam\u00edlia de Batiste que, a causa de les circumst\u00e0ncies en qu\u00e8 va haver de ser abandonada la casa, pateix les hostilitats dels hortolans. Argument: la novela de Vicente Blasco Ib\u00e1\u00f1ez. Gui\u00f3: Libertad Blasco Ib\u00e1\u00f1ez, Paulino Masip i Abel Velilla. Fotografia: V\u00edctor Herrera. M\u00fasica: F\u00e9lix Baltazar Samper. Producci\u00f3: Clasa Films Mundiales.<\/p>\n<p>&#8212;<\/p>\n<p><strong>Divendres 21 de juliol, a la Casa Forestal del Saler<\/strong> (Tallafoc del Saler, s\/n; El Saler. Entrada lliure)<\/p>\n<p><strong>22 h.: Presentaci\u00f3 i projecci\u00f3 a l&#8217;aire lliure<\/strong><\/p>\n<p><a href=\"http:\/\/fundacioassut.org\/wp-content\/uploads\/2017\/07\/Cartell-Amfibi-2017-EL-SALER-baixa.jpg\"><img loading=\"lazy\" decoding=\"async\" class=\"aligncenter size-large wp-image-3299\" src=\"http:\/\/fundacioassut.org\/wp-content\/uploads\/2017\/07\/Cartell-Amfibi-2017-EL-SALER-baixa-258x366.jpg\" alt=\"Cartell Amfibi 2017 - EL SALER baixa\" width=\"258\" height=\"366\"><\/a><\/p>\n<p>.<\/p>\n<p><strong>CA\u00d1AS Y BARRO<\/strong><\/p>\n<p>Espanya-It\u00e0lia. 1954. Dram\u00e0tic. Blanc i negre. 100 min.<\/p>\n<p>Anna Amendola, Virgilio Teixeira, Jos\u00e9 Nieto. Director: Juan de Ordu\u00f1a.<\/p>\n<p>A l&#8217;Albufera de Val\u00e8ncia, a principis del segle XX, la hist\u00f2ria i els conflictes de tres generacions d&#8217;una fam\u00edlia: el tio Paloma, el barquer m\u00e9s r\u00e0pid de l&#8217;estany; el seu fill Tono, decidit a trencar amb la tradici\u00f3 familiar de la pesca i dedicar-se al cultiu de l&#8217;arr\u00f2s, i el fill d&#8217;aquest, Tonet, el darrer de la saga. Argument: la novel\u00b7la de Vicente Blasco Ib\u00e1\u00f1ez. Gui\u00f3: Manuel Tamayo. Fotografia: Jos\u00e9 F. Aguayo. M\u00fasica: Ricardo Lamotte de Grignon. Producci\u00f3: Producciones Ordu\u00f1a Films i Pico Films.<\/p>\n<p>&#8212;<\/p>\n<p><strong>Diumenge 23 de juliol, a la pla\u00e7a del Castell d&#8217;Albalat dels Sorells<\/strong><\/p>\n<p><strong>22:30 h. Presentaci\u00f3, projecci\u00f3 i col\u00b7loqui a l&#8217;aire lliure<\/strong><\/p>\n<p><a href=\"http:\/\/fundacioassut.org\/wp-content\/uploads\/2017\/07\/Cartell-Amfibi-2017-ALBALAT-baixa.jpg\"><img loading=\"lazy\" decoding=\"async\" class=\"aligncenter size-large wp-image-3300\" src=\"http:\/\/fundacioassut.org\/wp-content\/uploads\/2017\/07\/Cartell-Amfibi-2017-ALBALAT-baixa-258x366.jpg\" alt=\"Cartell Amfibi 2017 - ALBALAT baixa\" width=\"258\" height=\"366\"><\/a><\/p>\n<p>.<\/p>\n<p><strong>ABANS EREN ALBERCOQUERS: RECORDANT, ENTRE EL MOL\u00cd I EL QUADRAT<\/strong><\/p>\n<p>Espanya. 2017. Documental. Color. 36 min.<\/p>\n<p>Protagonistes: Carmen Cari\u00f1ena, Vicent Noalles, Rafa Cari\u00f1ena, Vicent Oliver, Mercedes Mart\u00ed, Mercedes Mart\u00ednez, Mercedes Oliver, Manolo Fenollosa.<\/p>\n<p>Acompanyant Carmen Cari\u00f1ena en el seu viatge per les mem\u00f2ries del mol\u00ed d&#8217;Albalat i l&#8217;horta del seu poble, la seua fam\u00edlia i un grup de ve\u00efns s&#8217;apleguen al quadrat d&#8217;Albalat dels Sorells, de la Reial S\u00e9quia de Montcada, amb la intenci\u00f3 de compartir amb ella un esmorzar i records sobre els vells paisatges de l&#8217;aigua. Gui\u00f3 i entrevistes: Ignasi Mangue. Fotografia: Daniel Tom\u00e0s Marquina, Miquel \u00c0ngel Baixauli i Cris Centeno. Edici\u00f3: Daniel Tom\u00e0s Marquina i Cris Centeno. So: Jos\u00e9 Juan Mart\u00ednez. Producci\u00f3: Ignasi Mangue, per a Artxiviu de l\u2019Horta.<\/p>\n<p>&#8212;<\/p>\n<p><strong>19:30 h., xarrada i taller d\u2019elaboraci\u00f3 i instal\u00b7laci\u00f3 de refugis per a rates penades<\/strong><\/p>\n<p><strong>ALIADES EN LA NIT<\/strong><\/p>\n<p>La vesprada de divendres 21, abans de la projecci\u00f3 de la pel\u00b7l\u00edcula, a partir de les 19:30 h., el Grup Roncadell i Acci\u00f3 Ecologista-Agr\u00f3, amb la col\u00b7laboraci\u00f3 de la Fundaci\u00f3 Assut, realitzaran una activitat oberta al p\u00fablic amb xarrada, taller d&#8217;instal\u00b7laci\u00f3 de refugis per a rates penades i excursi\u00f3 pels voltants del Saler, al Parc Natural de l\u2019Albufera. Els participants aprendran algunes coses sobre les rates penades de l&#8217;Albufera i el seu paper en el control biol\u00f2gic de plagues.<\/p>\n<p>La rata penada de Cabrera (Pipistrellus pygmaeus), que s&#8217;alimenta d&#8217;insectes, mant\u00e9 a ratlla mosquits i algunes plagues, com la del cucat de l&#8217;arr\u00f2s; per\u00f2 aquest xicotet mam\u00edfer amb ales, propi dels aiguamolls, t\u00e9 cada vegada m\u00e9s complicat trobar esquerdes i buits on establir les seues col\u00f2nies. La soluci\u00f3 passa per aquesta cosa tan simple com \u00e9s col\u00b7locar unes poques caixes-refugi estrat\u00e8gicament.<\/p>\n<p>&#8212;<\/p>\n<p><strong>Amfibi<\/strong> 2017 est\u00e0 organitzat per la Fundaci\u00f3 Assut i compta amb el suport de <strong>Gracomsa Aliment\u00e0ria<\/strong> i <strong>Nuova Sesac<\/strong>. Hi col\u00b7laboren: Col\u00b7legi Territorial d&#8217;Arquitectes de Val\u00e8ncia, Ajuntament de Val\u00e8ncia (Regidoria de Conservaci\u00f3 d&#8217;\u00c0rees Naturals i Devesa Albufera), Ajuntament d&#8217;Albalat dels Sorells (Regidoria de Cultura i Educaci\u00f3), Alcaldia del Saler, Conselleria d&#8217;Educaci\u00f3, Investigaci\u00f3, Cultura i Esport, Acci\u00f3 Ecologista-Agr\u00f3, Roncadell, La Granja de Bitxos i Fundaci\u00f3n y Centro de Estudios Vicente Blasco Ib\u00e1\u00f1ez.<br \/>\n<!--:--><\/p>\n","protected":false},"excerpt":{"rendered":"<p><!--:es-->La s\u00e9ptima edici\u00f3n del Amfibi, certamen de las culturas y los paisajes del agua organizado desde 2011 por la Fundaci\u00f3 Assut, celebra este verano el 150 aniversario del nacimiento de Blasco Ib\u00e1\u00f1ez. Destacan las proyecciones al aire libre de &#8216;La barraca&#8217; (1945) y &#8216;Ca\u00f1as y barro&#8217; (1954).<!--:--><!--:ca-->La setena edici\u00f3 de l&#8217;Amfibi, certamen de les cultures i els paisatges de l&#8217;aigua organitzat des de 2011 per la Fundaci\u00f3 Assut, celebra aquest estiu el 150 aniversari del naixement de Blasco Ib\u00e1\u00f1ez. Destaquen les projeccions a la fresca de &#8216;La barraca&#8217; (1945) i &#8216;Ca\u00f1as y barro&#8217; (1954).<!--:--><\/p>\n","protected":false},"author":5,"featured_media":3657,"comment_status":"closed","ping_status":"closed","sticky":false,"template":"","format":"standard","meta":{"_et_pb_use_builder":"","_et_pb_old_content":"","_et_gb_content_width":"","footnotes":""},"categories":[89],"tags":[93],"class_list":["post-4259","post","type-post","status-publish","format-standard","has-post-thumbnail","hentry","category-convocatories","tag-amfibi"],"_links":{"self":[{"href":"https:\/\/fundacioassut.org\/index.php?rest_route=\/wp\/v2\/posts\/4259","targetHints":{"allow":["GET"]}}],"collection":[{"href":"https:\/\/fundacioassut.org\/index.php?rest_route=\/wp\/v2\/posts"}],"about":[{"href":"https:\/\/fundacioassut.org\/index.php?rest_route=\/wp\/v2\/types\/post"}],"author":[{"embeddable":true,"href":"https:\/\/fundacioassut.org\/index.php?rest_route=\/wp\/v2\/users\/5"}],"replies":[{"embeddable":true,"href":"https:\/\/fundacioassut.org\/index.php?rest_route=%2Fwp%2Fv2%2Fcomments&post=4259"}],"version-history":[{"count":1,"href":"https:\/\/fundacioassut.org\/index.php?rest_route=\/wp\/v2\/posts\/4259\/revisions"}],"predecessor-version":[{"id":4260,"href":"https:\/\/fundacioassut.org\/index.php?rest_route=\/wp\/v2\/posts\/4259\/revisions\/4260"}],"wp:featuredmedia":[{"embeddable":true,"href":"https:\/\/fundacioassut.org\/index.php?rest_route=\/wp\/v2\/media\/3657"}],"wp:attachment":[{"href":"https:\/\/fundacioassut.org\/index.php?rest_route=%2Fwp%2Fv2%2Fmedia&parent=4259"}],"wp:term":[{"taxonomy":"category","embeddable":true,"href":"https:\/\/fundacioassut.org\/index.php?rest_route=%2Fwp%2Fv2%2Fcategories&post=4259"},{"taxonomy":"post_tag","embeddable":true,"href":"https:\/\/fundacioassut.org\/index.php?rest_route=%2Fwp%2Fv2%2Ftags&post=4259"}],"curies":[{"name":"wp","href":"https:\/\/api.w.org\/{rel}","templated":true}]}}