{"id":4261,"date":"2017-06-16T20:50:59","date_gmt":"2017-06-16T18:50:59","guid":{"rendered":"http:\/\/fundacioassut.org\/els-premis-empresa-social-reconeixen-la-col%c2%b7laboracio-de-nuova-sesac-i-la-fundacio-assut-2\/"},"modified":"2019-08-26T14:01:57","modified_gmt":"2019-08-26T12:01:57","slug":"els-premis-empresa-social-reconeixen-la-col%c2%b7laboracio-de-nuova-sesac-i-la-fundacio-assut-2","status":"publish","type":"post","link":"https:\/\/fundacioassut.org\/?p=4261","title":{"rendered":"Els Premis Empresa Social reconeixen la col\u00b7laboraci\u00f3 de Nuova Sesac i la Fundaci\u00f3 Assut"},"content":{"rendered":"<p><!--:es--><\/p>\n<p><!--:--><!--:ca--><\/p>\n<p>La col\u00b7laboraci\u00f3 amb <a href=\"http:\/\/gracomsa.com\/\">Gracomsa Alimentaria<\/a> i el grup industrial Nuova Sesac mitjan\u00e7ant el programa de divulgaci\u00f3 <a href=\"http:\/\/www.programacerca.org\/va\/inici\/\">Cerca<\/a> va a poc a poc fent cam\u00ed. Ahir, en la seu de Caixaforum de Barcelona, aquesta entesa de treball conjunt va rebre dos dels premis de Responsabilitat Social que atorga cada any la Fundaci\u00f3n Mundo Ciudad en el marc del Publifestival, Festival Internacional de Publicitat Social.<\/p>\n<p>En concret, aquesta organitzaci\u00f3, que promou actuacions empresarials de car\u00e0cter estrat\u00e8gic dedicades a recon\u00e8ixer i incentivar les accions de Responsabilitat Social Corporativa, va concedir a Nuova Sesac els premis al millor projecte responsable de gesti\u00f3 mediambiental i al millor projecte de RSC en el sector industrial, tots dos pel treball conjunt que aquest grup industrial i la Fundaci\u00f3 Assut desenvolupen en el programa Cerca. Des de 2015, aquesta col\u00b7laboraci\u00f3, dedicada a divulgar els valors naturals i culturals de l\u2019Albufera i l&#8217;Horta de Val\u00e8ncia, ha aconseguit acostar la realitat d&#8217;aquests paisatges culturals a vora trenta mil persones, especialment escolars i estudiants.<\/p>\n<p><!--:--><\/p>\n","protected":false},"excerpt":{"rendered":"<p>La Fundaci\u00f3n Mundo Ciudad reconeix amb dos premis la labor conjunta del grup industrial Nuova Sesac, al qual pertany l&#8217;empresa Gracomsa Aliment\u00e0ria, i la Fundaci\u00f3 Assut en el programa de divulgaci\u00f3 Cerca, el qual pret\u00e9n acostar la societat a la realitat dels paisatges culturals de l\u2019Albufera i l&#8217;Horta de Val\u00e8ncia.<\/p>\n","protected":false},"author":5,"featured_media":3485,"comment_status":"closed","ping_status":"closed","sticky":false,"template":"","format":"standard","meta":{"_et_pb_use_builder":"","_et_pb_old_content":"","_et_gb_content_width":"","footnotes":""},"categories":[87],"tags":[118],"class_list":["post-4261","post","type-post","status-publish","format-standard","has-post-thumbnail","hentry","category-noticies","tag-programa-cerca"],"_links":{"self":[{"href":"https:\/\/fundacioassut.org\/index.php?rest_route=\/wp\/v2\/posts\/4261","targetHints":{"allow":["GET"]}}],"collection":[{"href":"https:\/\/fundacioassut.org\/index.php?rest_route=\/wp\/v2\/posts"}],"about":[{"href":"https:\/\/fundacioassut.org\/index.php?rest_route=\/wp\/v2\/types\/post"}],"author":[{"embeddable":true,"href":"https:\/\/fundacioassut.org\/index.php?rest_route=\/wp\/v2\/users\/5"}],"replies":[{"embeddable":true,"href":"https:\/\/fundacioassut.org\/index.php?rest_route=%2Fwp%2Fv2%2Fcomments&post=4261"}],"version-history":[{"count":2,"href":"https:\/\/fundacioassut.org\/index.php?rest_route=\/wp\/v2\/posts\/4261\/revisions"}],"predecessor-version":[{"id":4786,"href":"https:\/\/fundacioassut.org\/index.php?rest_route=\/wp\/v2\/posts\/4261\/revisions\/4786"}],"wp:featuredmedia":[{"embeddable":true,"href":"https:\/\/fundacioassut.org\/index.php?rest_route=\/wp\/v2\/media\/3485"}],"wp:attachment":[{"href":"https:\/\/fundacioassut.org\/index.php?rest_route=%2Fwp%2Fv2%2Fmedia&parent=4261"}],"wp:term":[{"taxonomy":"category","embeddable":true,"href":"https:\/\/fundacioassut.org\/index.php?rest_route=%2Fwp%2Fv2%2Fcategories&post=4261"},{"taxonomy":"post_tag","embeddable":true,"href":"https:\/\/fundacioassut.org\/index.php?rest_route=%2Fwp%2Fv2%2Ftags&post=4261"}],"curies":[{"name":"wp","href":"https:\/\/api.w.org\/{rel}","templated":true}]}}