{"id":4263,"date":"2017-03-25T20:51:46","date_gmt":"2017-03-25T18:51:46","guid":{"rendered":"http:\/\/fundacioassut.org\/desenes-de-xiquets-i-les-seues-families-celebren-el-dia-de-laigua-a-lalbufera-2\/"},"modified":"2019-08-26T14:05:35","modified_gmt":"2019-08-26T12:05:35","slug":"desenes-de-xiquets-i-les-seues-families-celebren-el-dia-de-laigua-a-lalbufera-2","status":"publish","type":"post","link":"https:\/\/fundacioassut.org\/?p=4263","title":{"rendered":"Desenes de xiquets i les seues fam\u00edlies celebren el Dia de l\u2019Aigua a l\u2019Albufera"},"content":{"rendered":"<p><!--:es--><\/p>\n<p><!--:--><!--:ca--><\/p>\n<p>Per a commemorar el Dia Mundial de l&#8217;Aigua, desenes de xiquets i les seues fam\u00edlies han visitat aquest mat\u00ed la Casa de la Deman\u00e0 del Saler i han fet un passeig amb barca per l\u2019Albufera entre el Port del Saler i el mirador de la Gola del Pujol. Durant aquesta jornada festiva, organitzada per la Fundaci\u00f3 Assut en el marc del Programa Cerca, un projecte d&#8217;educaci\u00f3 i divulgaci\u00f3 que compta amb el suport de l&#8217;empresa Gracomsa Aliment\u00e0ria i el grup industrial Nuova Sesac, els assistents han conegut mitjan\u00e7ant senzills experiments i demostracions la implicaci\u00f3 que una adequada gesti\u00f3 de l&#8217;aigua pot tindre en la recuperaci\u00f3 de la qualitat ecol\u00f2gica d&#8217;aquest aiguamoll, un dels m\u00e9s importants del sud d&#8217;Europa.<\/p>\n<p>En el trajecte per l&#8217;estany, t\u00e8cnics de la Fundaci\u00f3 Assut, acompanyats per Javier Jim\u00e9nez Romo, responsable dels aiguamolls artificials dels Tancats de M\u00edlia i l\u2019Illa \u2014propietat d\u2019Acuamed i operats per Pavagua\u2014, han insistit en la import\u00e0ncia de donar prefer\u00e8ncia als usos ambientals de l&#8217;aigua en l\u2019Albufera i d&#8217;ultimar les obres de sanejament que desconnecten definitivament l&#8217;aiguamoll dels sistemes residuals urbans. Precisament, enguany, Nacions Unides ha volgut cridar l&#8217;atenci\u00f3 sobre la problem\u00e0tica de les aig\u00fces residuals i ha convertit aquest tema en eix central de la celebraci\u00f3. En el cas de l\u2019Albufera, l&#8217;objectiu, compartit un\u00e0nimement per les organitzacions, institucions i agents socials implicats en el parc natural, \u00e9s recuperar d&#8217;una vegada per sempre la qualitat ambiental perduda en el proc\u00e9s de contaminaci\u00f3 dels anys setanta.<\/p>\n<p><!--:--><\/p>\n","protected":false},"excerpt":{"rendered":"<p>La Fundaci\u00f3 Assut i Gracomsa Alimentaria celebren el Dia Mundial de l&#8217;Aigua amb una excursi\u00f3 per la llacuna de l&#8217;Albufera, on desenes de xiquets i les seues fam\u00edlies han conegut la import\u00e0ncia que una gesti\u00f3 i un \u00fas adequat de l&#8217;aigua tenen en la recuperaci\u00f3 i la conservaci\u00f3 de l&#8217;aiguamoll.<\/p>\n","protected":false},"author":5,"featured_media":4461,"comment_status":"closed","ping_status":"closed","sticky":false,"template":"","format":"standard","meta":{"_et_pb_use_builder":"","_et_pb_old_content":"","_et_gb_content_width":"","footnotes":""},"categories":[87],"tags":[],"class_list":["post-4263","post","type-post","status-publish","format-standard","has-post-thumbnail","hentry","category-noticies"],"_links":{"self":[{"href":"https:\/\/fundacioassut.org\/index.php?rest_route=\/wp\/v2\/posts\/4263","targetHints":{"allow":["GET"]}}],"collection":[{"href":"https:\/\/fundacioassut.org\/index.php?rest_route=\/wp\/v2\/posts"}],"about":[{"href":"https:\/\/fundacioassut.org\/index.php?rest_route=\/wp\/v2\/types\/post"}],"author":[{"embeddable":true,"href":"https:\/\/fundacioassut.org\/index.php?rest_route=\/wp\/v2\/users\/5"}],"replies":[{"embeddable":true,"href":"https:\/\/fundacioassut.org\/index.php?rest_route=%2Fwp%2Fv2%2Fcomments&post=4263"}],"version-history":[{"count":2,"href":"https:\/\/fundacioassut.org\/index.php?rest_route=\/wp\/v2\/posts\/4263\/revisions"}],"predecessor-version":[{"id":4788,"href":"https:\/\/fundacioassut.org\/index.php?rest_route=\/wp\/v2\/posts\/4263\/revisions\/4788"}],"wp:featuredmedia":[{"embeddable":true,"href":"https:\/\/fundacioassut.org\/index.php?rest_route=\/wp\/v2\/media\/4461"}],"wp:attachment":[{"href":"https:\/\/fundacioassut.org\/index.php?rest_route=%2Fwp%2Fv2%2Fmedia&parent=4263"}],"wp:term":[{"taxonomy":"category","embeddable":true,"href":"https:\/\/fundacioassut.org\/index.php?rest_route=%2Fwp%2Fv2%2Fcategories&post=4263"},{"taxonomy":"post_tag","embeddable":true,"href":"https:\/\/fundacioassut.org\/index.php?rest_route=%2Fwp%2Fv2%2Ftags&post=4263"}],"curies":[{"name":"wp","href":"https:\/\/api.w.org\/{rel}","templated":true}]}}