{"id":4265,"date":"2017-02-05T20:56:49","date_gmt":"2017-02-05T18:56:49","guid":{"rendered":"http:\/\/fundacioassut.org\/trenta-anys-trenta-mirades-la-cronica-del-parc-natural-de-lalbufera-2\/"},"modified":"2019-08-27T10:23:08","modified_gmt":"2019-08-27T08:23:08","slug":"trenta-anys-trenta-mirades-la-cronica-del-parc-natural-de-lalbufera-2","status":"publish","type":"post","link":"https:\/\/fundacioassut.org\/?p=4265","title":{"rendered":"&#8216;Trenta anys, trenta mirades&#8217;: la cr\u00f2nica del parc natural de l&#8217;Albufera"},"content":{"rendered":"<p><!--:es--><\/p>\n<p>El Centre d&#8217;Interpretaci\u00f3 del Rac\u00f3 de l\u2019Olla va acollir el passat 2 de febrer, Dia Mundial dels Aiguamolls, la presentaci\u00f3 del llibre <em>Trenta anys, trenta mirades (Parc Natural de l\u2019Albufera, 1986-2016)<\/em>, publicaci\u00f3 que, a partir de trenta entrevistes amb persones vinculades al Parc Natural de l\u2019Albufera, fa rep\u00e0s dels seus trenta anys d&#8217;hist\u00f2ria. Escrit per Vicent Llorens i Bosco Dies, de la Fundaci\u00f3 Assut, editat per <a href=\"http:\/\/edicions96.com\/\">Edicions 96<\/a> i la citada entitat, i patrocinat per la <a href=\"http:\/\/www.aguasdevalencia.es\/Grupo\/Inicio\/\">Fundaci\u00f3n Aguas de Valencia<\/a>, el llibre \u00e9s un homenatge a les persones que van fer possible la declaraci\u00f3 del primer parc natural de la Comunitat Valenciana en 1986 i que durant tot aquest temps han contribu\u00eft d&#8217;alguna manera a la seua protecci\u00f3.<\/p>\n<p><em>Trenta anys, trenta mirades<\/em> \u00e9s tamb\u00e9 la cr\u00f2nica d&#8217;aquestes tres d\u00e8cades explicada per uns quants dels protagonistes i testimonis d&#8217;un proc\u00e9s que ha estat plagat de dificultats, de llums i ombres. En el llibre, els records i les reflexions d&#8217;ecologistes i conservacionistes, agricultors i regants, pescadors i ca\u00e7adors, t\u00e8cnics i pol\u00edtics de les diferents administracions, investigadors, periodistes, ve\u00efns i representants de la societat civil, s\u00f3n el reflex de la complexitat d&#8217;aquest territori i dels conflictes d&#8217;interessos que s&#8217;han donat i es donen irremeiablement en ell, exemple perfecte no tant de parc natural com de paisatge antr\u00f2pic. Les opinions dels uns i els altres, moltes vegades oposades, s\u00f3n a m\u00e9s la plasmaci\u00f3 d&#8217;un contingut optimisme, ja que, en general, tots estan d&#8217;acord en qu\u00e8, encara que resta molt per fer, el parc natural de l\u2019Albufera \u00e9s hui, almenys, una realitat inq\u00fcestionable.<\/p>\n<p>En el multitudinari acte de presentaci\u00f3, al costat dels autors del llibre, van intervindre la consellera de Medi ambient, Elena Cebri\u00e1n; el regidor delegat de Devesa-Albufera, Sergi Campillo, i el president de la Fundaci\u00f3 Aig\u00fces de Val\u00e8ncia, Eugenio Calabuig. Els tres, com els propis protagonistes de la publicaci\u00f3, van coincidir que cal seguir treballant per la consolidaci\u00f3 de la figura protectora del parc natural, la definitiva recuperaci\u00f3 de la qualitat ambiental de l\u2019Albufera i l&#8217;efectiva posada en valor d&#8217;aquest aiguamoll com un dels principals del Mediterrani occidental.<\/p>\n<p><strong>Peu de foto:<\/strong> Alguns dels protagonistes del llibre amb els autors. Per Luis Vidal.<\/p>\n<p><strong>COMPREU EL LLIBRE<\/strong> <em>Trenta anys, trenta mirades. Parc Natural de l&#8217;Albufera 1986-2016<\/em>, en la <a href=\"http:\/\/edicions96.com\/botiga\/producte\/trenta-anys-trenta-mirades-albufera\/\">botiga <\/a>d&#8217;Edicions 96.<\/p>\n<p><!--:--><\/p>\n","protected":false},"excerpt":{"rendered":"<p>Un llibre de la Fundaci\u00f3 Assut, escrit per Vicent Llorens i Bosco Dies a partir de trenta converses amb persones vinculades a l\u2019Albufera, fa rep\u00e0s dels trenta anys del primer parc natural de la Comunitat Valenciana.<\/p>\n","protected":false},"author":5,"featured_media":4827,"comment_status":"closed","ping_status":"closed","sticky":false,"template":"","format":"standard","meta":{"_et_pb_use_builder":"","_et_pb_old_content":"","_et_gb_content_width":"","footnotes":""},"categories":[87],"tags":[106],"class_list":["post-4265","post","type-post","status-publish","format-standard","has-post-thumbnail","hentry","category-noticies","tag-lalbufera"],"_links":{"self":[{"href":"https:\/\/fundacioassut.org\/index.php?rest_route=\/wp\/v2\/posts\/4265","targetHints":{"allow":["GET"]}}],"collection":[{"href":"https:\/\/fundacioassut.org\/index.php?rest_route=\/wp\/v2\/posts"}],"about":[{"href":"https:\/\/fundacioassut.org\/index.php?rest_route=\/wp\/v2\/types\/post"}],"author":[{"embeddable":true,"href":"https:\/\/fundacioassut.org\/index.php?rest_route=\/wp\/v2\/users\/5"}],"replies":[{"embeddable":true,"href":"https:\/\/fundacioassut.org\/index.php?rest_route=%2Fwp%2Fv2%2Fcomments&post=4265"}],"version-history":[{"count":2,"href":"https:\/\/fundacioassut.org\/index.php?rest_route=\/wp\/v2\/posts\/4265\/revisions"}],"predecessor-version":[{"id":4791,"href":"https:\/\/fundacioassut.org\/index.php?rest_route=\/wp\/v2\/posts\/4265\/revisions\/4791"}],"wp:featuredmedia":[{"embeddable":true,"href":"https:\/\/fundacioassut.org\/index.php?rest_route=\/wp\/v2\/media\/4827"}],"wp:attachment":[{"href":"https:\/\/fundacioassut.org\/index.php?rest_route=%2Fwp%2Fv2%2Fmedia&parent=4265"}],"wp:term":[{"taxonomy":"category","embeddable":true,"href":"https:\/\/fundacioassut.org\/index.php?rest_route=%2Fwp%2Fv2%2Fcategories&post=4265"},{"taxonomy":"post_tag","embeddable":true,"href":"https:\/\/fundacioassut.org\/index.php?rest_route=%2Fwp%2Fv2%2Ftags&post=4265"}],"curies":[{"name":"wp","href":"https:\/\/api.w.org\/{rel}","templated":true}]}}