{"id":4267,"date":"2016-12-21T20:58:10","date_gmt":"2016-12-21T18:58:10","guid":{"rendered":"http:\/\/fundacioassut.org\/la-fundacio-assut-premi-biodiversitat-i-societat-de-la-generalitat-valenciana-2\/"},"modified":"2019-08-27T10:29:18","modified_gmt":"2019-08-27T08:29:18","slug":"la-fundacio-assut-premi-biodiversitat-i-societat-de-la-generalitat-valenciana-2","status":"publish","type":"post","link":"https:\/\/fundacioassut.org\/?p=4267","title":{"rendered":"La Fundaci\u00f3 Assut, premi &#8216;Biodiversitat i Societat&#8217; de la Generalitat Valenciana"},"content":{"rendered":"<p><!--:es--><\/p>\n<p><!--:--><!--:ca--><\/p>\n<p>Els IV Premis Biodiversitat i Societat reconeixen el treball de la Fundaci\u00f3 Assut en l&#8217;\u00e0mbit de la cust\u00f2dia del territori per la gesti\u00f3 compartida amb els propietaris del Tancat de l\u2019Estell per a preservar els recursos naturals, culturals i paisatg\u00edstics d&#8217;aquest espai agr\u00edcola del Parc Natural de l\u2019Albufera. Aquests guardons, promoguts per la Generalitat Valenciana, premien cada any l&#8217;esfor\u00e7 d&#8217;entitats p\u00fabliques i privades en la protecci\u00f3 dels entorns naturals i la fauna.<\/p>\n<p>Durant l&#8217;acte oficial de lliurament de premis, celebrat en el Centre d&#8217;Educaci\u00f3 Ambiental de la Comunitat Valenciana (CEACV), a Sagunt, el secretari auton\u00f2mic de Medi Ambient i Canvi Clim\u00e0tic, Juli\u00e0 \u00c1lvaro, ha destacat que \u201cper a defensar el medi ambient \u00e9s imprescindible comptar amb l&#8217;extraordin\u00e0ria labor i col\u00b7laboraci\u00f3 de col\u00b7lectius i institucions tan importants com els quals han sigut premiats\u201d. Tamb\u00e9 ha insistit que les administracions p\u00fabliques han de \u201ccontinuar promovent la participaci\u00f3 social en una tasca tan important com \u00e9s l&#8217;atenci\u00f3 al nostre entorn natural per a futures generacions\u201d.<\/p>\n<p>Des de 2011, mitjan\u00e7ant un acord de cust\u00f2dia amb la Comunitat de Regants de l\u2019Estell i Rojas, i amb la col\u00b7laboraci\u00f3 puntual d&#8217;empreses i institucions com National Geographic Channel, Loter\u00edas del Estado y Gracomsa Alimentaria, la Fundaci\u00f3 Assut duu a terme iniciatives relacionades amb la integraci\u00f3 i adequaci\u00f3 de les pr\u00e0ctiques agr\u00edcoles, la recuperaci\u00f3 del patrimoni, la gesti\u00f3 racional de la ca\u00e7a, la millora de l&#8217;h\u00e0bitat i la promoci\u00f3 d&#8217;activitats i usos compatibles amb l&#8217;agricultura. L&#8217;acord de cust\u00f2dia contempla tamb\u00e9 l&#8217;execuci\u00f3 de programes de recerca i accions d&#8217;educaci\u00f3 i divulgaci\u00f3 que vagen dirigits a millorar el coneixement i la implicaci\u00f3 de la societat en la conservaci\u00f3 d&#8217;aquest tipus d&#8217;espais.<\/p>\n<p>Aquests guardons tenen cinc categories. Juntament amb la Fundaci\u00f3 Assut, han sigut premiades altres quatre entitats. Aix\u00ed, en la categoria de Recerca aplicada a la conservaci\u00f3 de la biodiversitat, el premi ha recaigut en el Grup de Recerca Zool\u00f2gica de Vertebrats de la Universitat de Val\u00e8ncia. En la categoria de Difusi\u00f3 i Comunicaci\u00f3, s&#8217;ha reconegut el Col\u00b7legi Oficial de Veterinaris de Val\u00e8ncia. El Seprona (Gu\u00e0rdia Civil) ha sigut premiat com a Entitat P\u00fablica Col\u00b7laboradora en la Conservaci\u00f3. I l&#8217;Ajuntament d&#8217;Ibi ha guanyat en la categoria d&#8217;Ajuntament Exemplar.<\/p>\n<p><!--:--><\/p>\n","protected":false},"excerpt":{"rendered":"<p>La Fundaci\u00f3 Assut ha sigut una de les organitzacions premiades en la quarta edici\u00f3 dels Premis Biodiversitat i Societat, un premi que volem compartir amb la Comunitat de Regants de l\u2019Estell i Rojas, amb la qual aquesta entitat mant\u00e9 un acord de cust\u00f2dia del territori en l\u2019Albufera.<\/p>\n","protected":false},"author":5,"featured_media":4830,"comment_status":"closed","ping_status":"closed","sticky":false,"template":"","format":"standard","meta":{"_et_pb_use_builder":"","_et_pb_old_content":"","_et_gb_content_width":"","footnotes":""},"categories":[87],"tags":[114],"class_list":["post-4267","post","type-post","status-publish","format-standard","has-post-thumbnail","hentry","category-noticies","tag-partida-de-lestell"],"_links":{"self":[{"href":"https:\/\/fundacioassut.org\/index.php?rest_route=\/wp\/v2\/posts\/4267","targetHints":{"allow":["GET"]}}],"collection":[{"href":"https:\/\/fundacioassut.org\/index.php?rest_route=\/wp\/v2\/posts"}],"about":[{"href":"https:\/\/fundacioassut.org\/index.php?rest_route=\/wp\/v2\/types\/post"}],"author":[{"embeddable":true,"href":"https:\/\/fundacioassut.org\/index.php?rest_route=\/wp\/v2\/users\/5"}],"replies":[{"embeddable":true,"href":"https:\/\/fundacioassut.org\/index.php?rest_route=%2Fwp%2Fv2%2Fcomments&post=4267"}],"version-history":[{"count":3,"href":"https:\/\/fundacioassut.org\/index.php?rest_route=\/wp\/v2\/posts\/4267\/revisions"}],"predecessor-version":[{"id":4831,"href":"https:\/\/fundacioassut.org\/index.php?rest_route=\/wp\/v2\/posts\/4267\/revisions\/4831"}],"wp:featuredmedia":[{"embeddable":true,"href":"https:\/\/fundacioassut.org\/index.php?rest_route=\/wp\/v2\/media\/4830"}],"wp:attachment":[{"href":"https:\/\/fundacioassut.org\/index.php?rest_route=%2Fwp%2Fv2%2Fmedia&parent=4267"}],"wp:term":[{"taxonomy":"category","embeddable":true,"href":"https:\/\/fundacioassut.org\/index.php?rest_route=%2Fwp%2Fv2%2Fcategories&post=4267"},{"taxonomy":"post_tag","embeddable":true,"href":"https:\/\/fundacioassut.org\/index.php?rest_route=%2Fwp%2Fv2%2Ftags&post=4267"}],"curies":[{"name":"wp","href":"https:\/\/api.w.org\/{rel}","templated":true}]}}