{"id":4273,"date":"2016-10-13T21:00:02","date_gmt":"2016-10-13T19:00:02","guid":{"rendered":"http:\/\/fundacioassut.org\/rec-a-manta-presentacio-dels-arxius-domestics-2016-2\/"},"modified":"2019-08-08T21:08:58","modified_gmt":"2019-08-08T19:08:58","slug":"rec-a-manta-presentacio-dels-arxius-domestics-2016-2","status":"publish","type":"post","link":"https:\/\/fundacioassut.org\/?p=4273","title":{"rendered":"REC A MANTA: Presentaci\u00f3 dels arxius dom\u00e8stics 2016"},"content":{"rendered":"<p>REC A MANTA (de <a href=\"http:\/\/artxiviu.org\/es\/inicio\/\">Artxiviu de l&#8217;Horta<\/a>) es una convocatoria abierta de archivos dom\u00e9sticos de L\u2019Horta de Valencia. En la presentaci\u00f3n de los v\u00eddeos que nos han llegado en los \u00faltimos meses, haremos un homenaje a los agricultores, hombres y mujeres, que nos han contado sus recuerdos y sus vivencias.<\/p>\n<p>Adem\u00e1s, tendremos como invitados a los miembros del colectivo Laboratorio Reversible, un grupo de vecinos de Poble Sec (Barcelona) interesados por el cine y las artes visuales con la intenci\u00f3n compartida de implicarse en una pr\u00e1ctica cultural contempor\u00e1nea que enfatice su dimensi\u00f3n cotidiana.<\/p>\n<p>&#8211;<\/p>\n<p><strong>CONVOCATORIA<\/strong><\/p>\n<p>Fecha: jueves 20 de octubre de 2016.<\/p>\n<p>Hora: 19 h.<\/p>\n<p>Lugar: Escola MEME (Benimaclet). C\/ Poeta Ricard Sanmart\u00ed, 17. 46020 Valencia.<\/p>\n<p>Entrada libre y gratuita hasta completar el aforo.<\/p>\n<p>&#8211;<\/p>\n<p><strong>PROGRAMA<\/strong><\/p>\n<p><strong>19.00<\/strong> Bienvenida<\/p>\n<p><strong>19.15<\/strong> Presentaci\u00f3n de Laboratorio Reversible (Barcelona)<\/p>\n<p><strong>19.30<\/strong> Proyecci\u00f3n de veCINES<\/p>\n<p><strong>19.45<\/strong> Presentaci\u00f3n de REC A MANTA y colecci\u00f3n de los archivos dom\u00e9sticos de Artxiviu de l&#8217;Horta<\/p>\n<p><strong>20.00<\/strong> Proyecci\u00f3n de la muestra de v\u00eddeos dom\u00e9sticos<\/p>\n<p><strong>20.30<\/strong> Picoteo<\/p>\n<p>&#8211;<\/p>\n<p><strong>REC A MANTA es un proyecto de Artxiviu de l&#8217;Horta.<\/strong> <a href=\"http:\/\/artxiviu.org\/es\/inicio\/\">ARTXIVIU DE L&#8217;HORTA<\/a> es un proyecto de Fundaci\u00f3 Assut, la Universidad Polit\u00e9cnica de Valencia (varios departamentos) y un grupo de personas interesadas en rescatar la memoria de L&#8217;Horta de Valencia a trav\u00e9s del audiovisual y otros medios. En la edici\u00f3n de <a href=\"http:\/\/artxiviu.org\/es\/rec-a-manta-presentacion-de-los-archivos-domesticos-2016\/\">REC A MANTA 2016<\/a>, contamos con la financiaci\u00f3n de la UPV, la subvenci\u00f3n del Ministerio de Educaci\u00f3n, Cultura y Deporte y la colaboraci\u00f3n de <a href=\"http:\/\/cervezaturia.es\/\">Cerveza Turia<\/a>.<\/p>\n<p><!--:--><!--:ca--><\/p>\n<p>REC A MANTA (de <a href=\"http:\/\/artxiviu.org\/es\/inicio\/\">Artxiviu de l&#8217;Horta<\/a>) \u00e9s una convocat\u00f2ria oberta d&#8217;arxius dom\u00e8stics de l&#8217;Horta de Val\u00e8ncia. En la presentaci\u00f3 dels v\u00eddeos que ens han arribat al llarg dels \u00faltims mesos, farem un homenatge als llauradors, homes i dones, que ens han contat els seus records i les seues viv\u00e8ncies.<\/p>\n<p>A m\u00e9s, tindrem com convidats als membres del col\u00b7lectiu Laboratori Reversible, un grup de ve\u00efns de Poble Sec (Barcelona) interessats pel cinema i les arts visuals amb la intenci\u00f3 compartida d&#8217;implicar-se en una pr\u00e0ctica cultural contempor\u00e0nia que emfatitze la seua dimensi\u00f3 quotidiana.<\/p>\n<p>&#8211;<\/p>\n<p><strong>CONVOCAT\u00d2RIA<\/strong><\/p>\n<p>Data: dijous 20 d&#8217;octubre de 2016.<\/p>\n<p>Hora: 19 h.<\/p>\n<p>Lloc: Escola MEME (Benimaclet). C\/ Poeta Ricard Sanmart\u00ed, 17. 46020 Valencia.<\/p>\n<p>Entrada lliure i gratu\u00efta fins complatar l&#8217;aforament.<\/p>\n<p>&#8211;<\/p>\n<p><strong>PROGRAMA<\/strong><\/p>\n<p><strong>19.00<\/strong> Benvinguda<\/p>\n<p><strong>19.15<\/strong> Presentaci\u00f3 de Laboratori Reversible (Barcelona)<\/p>\n<p><strong>19.30<\/strong> Projecci\u00f3 de veCINES<\/p>\n<p><strong>19.45<\/strong> Presentaci\u00f3 de REC A MANTA i la col\u00b7lecci\u00f3 dels arxius dom\u00e8stics d&#8217;Artxiviu de l&#8217;Horta<\/p>\n<p><strong>20.00<\/strong> Projecci\u00f3 de la mostra de v\u00eddeos dom\u00e8sticos<\/p>\n<p><strong>20.30<\/strong> Picadeta<\/p>\n<p>&#8211;<\/p>\n<p><strong>REC A MANTA \u00e9s un projecte d&#8217;Artxiviu de l&#8217;Horta.<\/strong> <a href=\"http:\/\/artxiviu.org\/es\/inicio\/\">ARTXIVIU DE L&#8217;HORTA<\/a> \u00e9s un projecte de Fundaci\u00f3 Assut, la Universidad Polit\u00e9cnica de Val\u00e8ncia (diversos departaments) i un grup de persones interessades en rescatar la mem\u00f2ria de l&#8217;Horta de Val\u00e8ncia mitjan\u00e7ant l&#8217;audiovisual i altres mitjans. En l&#8217;edici\u00f3 de <a href=\"http:\/\/artxiviu.org\/es\/rec-a-manta-presentacion-de-los-archivos-domesticos-2016\/\">REC A MANTA 2016<\/a>, comptem amb el finan\u00e7ament de la UPV, la subvenci\u00f3 del Ministeri d&#8217;Educaci\u00f3, Cultura i Esport i la col\u00b7laboraci\u00f3 de <a href=\"http:\/\/cervezaturia.es\/\">Cerveza Turia<\/a>.<\/p>\n<p><!--:--><\/p>\n","protected":false},"excerpt":{"rendered":"<p><!--:es-->El jueves 20 de octubre, proyectaremos en Benimaclet los v\u00eddeos que se han presentado a la convocatoria abierta de archivos dom\u00e9sticos de L\u2019Horta de Valencia 2016, organizada por el gupo Artxiviu de l&#8217;Horta.<!--:--><!--:ca-->Dijous 20 d&#8217;octubre, projectarem a Benimaclet els v\u00eddeos que s&#8217;han presentat a la convocat\u00f2ria oberta d&#8217;arxius dom\u00e8stics de l&#8217;Horta de Val\u00e8ncia 2016, organitzada pel grup Artxiviu de l&#8217;Horta.<!--:--><\/p>\n","protected":false},"author":5,"featured_media":3905,"comment_status":"closed","ping_status":"closed","sticky":false,"template":"","format":"standard","meta":{"_et_pb_use_builder":"","_et_pb_old_content":"","_et_gb_content_width":"","footnotes":""},"categories":[89],"tags":[100],"class_list":["post-4273","post","type-post","status-publish","format-standard","has-post-thumbnail","hentry","category-convocatories","tag-artxiviu"],"_links":{"self":[{"href":"https:\/\/fundacioassut.org\/index.php?rest_route=\/wp\/v2\/posts\/4273","targetHints":{"allow":["GET"]}}],"collection":[{"href":"https:\/\/fundacioassut.org\/index.php?rest_route=\/wp\/v2\/posts"}],"about":[{"href":"https:\/\/fundacioassut.org\/index.php?rest_route=\/wp\/v2\/types\/post"}],"author":[{"embeddable":true,"href":"https:\/\/fundacioassut.org\/index.php?rest_route=\/wp\/v2\/users\/5"}],"replies":[{"embeddable":true,"href":"https:\/\/fundacioassut.org\/index.php?rest_route=%2Fwp%2Fv2%2Fcomments&post=4273"}],"version-history":[{"count":1,"href":"https:\/\/fundacioassut.org\/index.php?rest_route=\/wp\/v2\/posts\/4273\/revisions"}],"predecessor-version":[{"id":4274,"href":"https:\/\/fundacioassut.org\/index.php?rest_route=\/wp\/v2\/posts\/4273\/revisions\/4274"}],"wp:featuredmedia":[{"embeddable":true,"href":"https:\/\/fundacioassut.org\/index.php?rest_route=\/wp\/v2\/media\/3905"}],"wp:attachment":[{"href":"https:\/\/fundacioassut.org\/index.php?rest_route=%2Fwp%2Fv2%2Fmedia&parent=4273"}],"wp:term":[{"taxonomy":"category","embeddable":true,"href":"https:\/\/fundacioassut.org\/index.php?rest_route=%2Fwp%2Fv2%2Fcategories&post=4273"},{"taxonomy":"post_tag","embeddable":true,"href":"https:\/\/fundacioassut.org\/index.php?rest_route=%2Fwp%2Fv2%2Ftags&post=4273"}],"curies":[{"name":"wp","href":"https:\/\/api.w.org\/{rel}","templated":true}]}}