{"id":4813,"date":"2018-08-26T18:49:43","date_gmt":"2018-08-26T16:49:43","guid":{"rendered":"http:\/\/fundacioassut.org\/?p=4813"},"modified":"2020-09-03T13:17:48","modified_gmt":"2020-09-03T11:17:48","slug":"arrossars-de-pas-illes-per-a-les-aus-migratories-en-un-mar-darros","status":"publish","type":"post","link":"https:\/\/fundacioassut.org\/?p=4813","title":{"rendered":"Arrossars de pas: Illes per a les aus migrat\u00f2ries en un mar d&#8217;arr\u00f2s"},"content":{"rendered":"<p>\n<!--StartFragment--><\/p>\n\n\n<p>La <strong>Fundaci\u00f3 Assut<\/strong> ha posat en marxa en l\u2019Albufera el projecte \u00abArrossars de pas\u00bb, una iniciativa que aprofita els arrossars fallits de cada campanya per a crear espais d&#8217;alimentaci\u00f3 i descans per a les aus migrat\u00f2ries. Entre juliol i octubre, uns quants milers de lim\u00edcoles de diferents esp\u00e8cies, algunes d&#8217;elles amena\u00e7ades, a m\u00e9s de molts centenars de flamencs, picatorts, \u00e0necs i altres aus aqu\u00e0tiques, es voran afavorits per la mesura. En el projecte, que compta amb el suport de l&#8217;empresa <strong>GA Alimentaria,<\/strong> col\u00b7laboren tamb\u00e9 diversos agricultors locals, els quals, per la seua banda, en reconeixen beneficis per l&#8217;arrossar.<\/p>\n\n\n\n<p>&#8212;<\/p>\n\n\n\n<p>El Parc Natural de l\u2019Albufera \u00e9s el principal\naiguamoll de la Comunitat Valenciana i un dels m\u00e9s importants de la conca del\nMediterrani. Aquest paisatge humanitzat, cobert quasi plenament per l&#8217;arrossar,\nconstitueix un h\u00e0bitat alternatiu al natural que facilita la pres\u00e8ncia\npermanent de gran quantitat d&#8217;aus aqu\u00e0tiques. Situada en un lloc privilegiat on\nconflueixen les rutes migrat\u00f2ries que discorren pel Mediterrani i l&#8217;Atl\u00e0ntic\nEst, l\u2019Albufera representa tamb\u00e9 un lloc fonamental per a l&#8217;alimentaci\u00f3 i el\ndescans de milers d&#8217;aus que es desplacen entre els llocs de nidificaci\u00f3 del\ncentre i nord d&#8217;Europa i els d&#8217;hivernada a \u00c0frica. No obstant a\u00e7\u00f2, en aquest\ncas el parc natural a penes compta amb espais propicis per a elles, les\nnecessitats de les quals s\u00f3n m\u00e9s espec\u00edfiques. La intensificaci\u00f3 agr\u00e0ria de\nl&#8217;arrossar, l&#8217;escassetat d&#8217;h\u00e0bitats aqu\u00e0tics naturals i les mol\u00e8sties derivades\ndel tr\u00e0nsit de vehicles i persones, entre altres causes, dificulten que siga\naix\u00ed.<\/p>\n\n\n\n<h3 class=\"wp-block-heading\"><strong>Alimentaci\u00f3 i descans en la migraci\u00f3<\/strong><strong><\/strong><\/h3>\n\n\n\n<p>Aix\u00ed, la Fundaci\u00f3 Assut ha engegat el projecte \u00abArrossars de pas\u00bb, una iniciativa que t\u00e9 per objecte afavorir els llocs d&#8217;alimentaci\u00f3 i descans per a les aus aqu\u00e0tiques migrat\u00f2ries a l\u2019Albufera. En paraules de Bosco Dies, assessor de la Fundaci\u00f3 Assut, \u00abla idea sorgeix de l&#8217;inter\u00e8s que t\u00e9 per a les aus que existisquen zones no conreades lliures de vegetaci\u00f3 i amb nivells d&#8217;inundaci\u00f3 baixos entre els mesos de juliol i octubre, coincidint amb la migraci\u00f3 postnupcial de moltes esp\u00e8cies\u00bb. Assegura Dies que \u00abdurant aquesta \u00e8poca, en aquestes zones, en les quals es remou la terra i s&#8217;elimina la vegetaci\u00f3 amb tractors, sol registrar-se una gran quantitat d&#8217;aus, especialmente lim\u00edcoles, amb comptatges i censos de diversos centenars d&#8217;exemplars observats simult\u00e0niament\u00bb.<\/p>\n\n\n\n<p>Territs,\ntiforts, picarots, xerlovites, redonells, corriols, bequerudes i t\u00e8tols s\u00f3n\nalguns dels grups d&#8217;aus m\u00e9s beneficiats per aquesta mesura, donat que aprofiten\nllocs oberts, lliures de vegetaci\u00f3 i poc profunds als quals alimentar-se dels\nxicotets invertebrats que viuen al llim dels arrossars.<\/p>\n\n\n\n<h3 class=\"wp-block-heading\"><strong>El t\u00e8tol cuanegre, el redonell i el territ picarut, esp\u00e8cies amena\u00e7ades<\/strong><\/h3>\n\n\n\n<p>Entre les esp\u00e8cies afavorides per aquesta iniciativa destaquen el t\u00e8tol cuanegre\u2014, el redonell i el territ picarut, aus lim\u00edcoles que mostren un marcat declivi a Europa. Es tracta d&#8217;aus migrat\u00f2ries que nidifiquen en zones del centre i nord d&#8217;Europa i que majorit\u00e0riament passen l&#8217;hivern a les regions equatorials d&#8217;\u00c0frica. La p\u00e8rdua i la degradaci\u00f3 del seu h\u00e0bitat s\u00f3n entrebancs especialment cr\u00edtics en els viatges migratoris, en els quals requereixen trobar espais amb aig\u00fces obertes i someres adequats per a descansar i alimentar-se. Actualment, aquests h\u00e0bitats s\u00f3n pr\u00e0cticament inexistents a l\u2019Albufera, per la qual cosa moltes aus no poden detenir-se i es veuen obligades a allargar el seu viatge centenars de quil\u00f2metres fins a trobar un altre lloc adequat, amb el perjudici que a\u00e7\u00f2 suposa per al seu estat f\u00edsic.<\/p>\n\n\n\n<p>Enguany, per a l&#8217;\u00e8poca de la migraci\u00f3, entre juliol\ni octubre, mitjan\u00e7ant el projecte \u00abArrossars de pas\u00bb, s&#8217;ha aconseguit manejar\n75 fanecades d&#8217;arrossars a Alfafar i Silla, camps als quals el cultiu de\nl&#8217;arr\u00f2s havia fallat \u2014per problemes en la germinaci\u00f3, afecci\u00f3 de plagues i\nmalalties o un desenvolupament incontrolat de males herbes\u2014 i que ara, gr\u00e0cies\na la col\u00b7laboraci\u00f3 dels agricultors, resten \u00abfanguejats\u00bb,\nlliures de vegetaci\u00f3 i amb els nivells d&#8217;aigua adequats per a aquestes aus.<\/p>\n\n\n\n<h3 class=\"wp-block-heading\"><strong>Beneficis per a les aus i l&#8217;arrossar<\/strong><\/h3>\n\n\n\n<p>Durant diverses setmanes, abans que es culla el cereal i s&#8217;inunden els arrossars entrada la tardor, es calcula que aquesta mesura, que garanteix l&#8217;exist\u00e8ncia de xicotets i necessaris illots de vida en aquest esp\u00e8s mar d&#8217;arr\u00f2s, beneficiar\u00e0 milers d&#8217;aus lim\u00edcoles, a les quals se sumen uns pocs milers de flamencs, picatorts, \u00e0necs i altres aus aqu\u00e0tiques.<br>En el projecte, que compta amb el suport de GA Alimentaria, col\u00b7laboren diversos agricultors locals, els quals es beneficien per la seua banda d&#8217;una gesti\u00f3 que controla el creixement de \u00abmales herbes\u00bb als camps \u2014plantes advent\u00edcies perjudicials tamb\u00e9 per a les parcel\u00b7les ve\u00efnes\u2014 i contribueix a preparar-los per a la pr\u00f2xima campanya. Arrossers com Jos\u00e9 Mart\u00ed, Vicent Mart\u00ed i Juan Gimeno participen en la iniciativa facilitant els treballs de \u00abfangueig\u00bb de diversos camps als quals la planta de l&#8217;arr\u00f2s no s&#8217;ha desenvolupat amb \u00e8xit. Despr\u00e9s d&#8217;uns primers resultats \u00abmolt positius\u00bb, segons els promotors de la idea, el projecte \u00abArrossars de pas\u00bb tindr\u00e0 continu\u00eftat en anys futurs, en els quals s&#8217;espera crear la major superf\u00edcie possible d&#8217;h\u00e0bitats per a aquest grup d&#8217;esp\u00e8cies amena\u00e7ades. <\/p>\n\n\n<p><!--EndFragment--><\/p>","protected":false},"excerpt":{"rendered":"<p>La Fundaci\u00f3 Assut i SEO\/BirdLife han posat en marxa en l\u2019Albufera el projecte \u00abArrossars de pas\u00bb, una iniciativa que aprofita els arrossars fallits de cada campanya per a crear espais d&#8217;alimentaci\u00f3 i descans per a les aus migrat\u00f2ries. <\/p>\n","protected":false},"author":5,"featured_media":4811,"comment_status":"closed","ping_status":"open","sticky":false,"template":"","format":"standard","meta":{"_et_pb_use_builder":"off","_et_pb_old_content":"","_et_gb_content_width":"","footnotes":""},"categories":[87],"tags":[],"class_list":["post-4813","post","type-post","status-publish","format-standard","has-post-thumbnail","hentry","category-noticies"],"_links":{"self":[{"href":"https:\/\/fundacioassut.org\/index.php?rest_route=\/wp\/v2\/posts\/4813","targetHints":{"allow":["GET"]}}],"collection":[{"href":"https:\/\/fundacioassut.org\/index.php?rest_route=\/wp\/v2\/posts"}],"about":[{"href":"https:\/\/fundacioassut.org\/index.php?rest_route=\/wp\/v2\/types\/post"}],"author":[{"embeddable":true,"href":"https:\/\/fundacioassut.org\/index.php?rest_route=\/wp\/v2\/users\/5"}],"replies":[{"embeddable":true,"href":"https:\/\/fundacioassut.org\/index.php?rest_route=%2Fwp%2Fv2%2Fcomments&post=4813"}],"version-history":[{"count":4,"href":"https:\/\/fundacioassut.org\/index.php?rest_route=\/wp\/v2\/posts\/4813\/revisions"}],"predecessor-version":[{"id":5160,"href":"https:\/\/fundacioassut.org\/index.php?rest_route=\/wp\/v2\/posts\/4813\/revisions\/5160"}],"wp:featuredmedia":[{"embeddable":true,"href":"https:\/\/fundacioassut.org\/index.php?rest_route=\/wp\/v2\/media\/4811"}],"wp:attachment":[{"href":"https:\/\/fundacioassut.org\/index.php?rest_route=%2Fwp%2Fv2%2Fmedia&parent=4813"}],"wp:term":[{"taxonomy":"category","embeddable":true,"href":"https:\/\/fundacioassut.org\/index.php?rest_route=%2Fwp%2Fv2%2Fcategories&post=4813"},{"taxonomy":"post_tag","embeddable":true,"href":"https:\/\/fundacioassut.org\/index.php?rest_route=%2Fwp%2Fv2%2Ftags&post=4813"}],"curies":[{"name":"wp","href":"https:\/\/api.w.org\/{rel}","templated":true}]}}