{"id":5038,"date":"2019-12-18T15:03:07","date_gmt":"2019-12-18T13:03:07","guid":{"rendered":"http:\/\/fundacioassut.org\/?p=5038"},"modified":"2020-01-09T10:45:36","modified_gmt":"2020-01-09T08:45:36","slug":"de-labando-i-el-reencontre-un-nou-capitol-de-la-serie-esperant-laigua","status":"publish","type":"post","link":"https:\/\/fundacioassut.org\/?p=5038","title":{"rendered":"&#8216;De l\u2019aband\u00f3 i el reencontre&#8217;, un nou cap\u00edtol de la s\u00e8rie &#8216;Esperant l\u2019aigua&#8217;"},"content":{"rendered":"\n<p>A la desapareguda marjal del Puig i a l&#8217;horta de Massamagrell, Albuixec i Massalfassar, diversos agricultors, entre els qui hi ha algun vell, algun jove i tamb\u00e9 una dona, reflexionen sobre el passat i el present d&#8217;un paisatge de regadiu tradicional la continu\u00eftat del qual es veu amena\u00e7ada per l&#8217;aband\u00f3 de la terra i la p\u00e8rdua dels sabers i pr\u00e0ctiques lligats a una gesti\u00f3 secular de l&#8217;aigua.<\/p>\n\n\n\n<p>Aquest \u00e9s l&#8217;argument de <em><strong><a href=\"https:\/\/vimeo.com\/380049118\">De l&#8217;aband\u00f3 i el reencontre<\/a><\/strong><\/em> (2019), un nou documental produ\u00eft per la Fundaci\u00f3 Assut gr\u00e0cies a la donaci\u00f3 que <a href=\"https:\/\/www.cervezaturia.es\/es\">Cerveza Turia<\/a> ha fet del 20 per cent dels diners recaptats en taquilla en el passat <a href=\"https:\/\/www.cervezaturia.es\/es\/festival-de-lhorta-turia\">Festival de l&#8217;Horta T\u00faria<\/a>. La pel\u00b7l\u00edcula, dirigida per Miguel \u00c1ngel Baixauli a partir d&#8217;una idea de Vicent Sales, constitueix el quint cap\u00edtol de la s\u00e8rie documental <a href=\"https:\/\/artxiviu.org\/va\/documentals\/\">\u00abEsperant l\u2019aigua\u00bb<\/a>, un projecte iniciat al 2012, vinculat tamb\u00e9 al treball del col\u00b7lectiu <a href=\"https:\/\/artxiviu.org\/va\/inici\/\">Artxiviu de l&#8217;Horta<\/a>, en el qual diverses peces f\u00edlmiques van component un quadre polif\u00f2nic de l&#8217;Horta de Val\u00e8ncia.<\/p>\n\n\n\n<p>L&#8217;objectiu d\u2019\u00abEsperant l\u2019aigua\u00bb \u00e9s visibilitzar i donar veu als protagonistes de la hist\u00f2ria agr\u00e0ria de l&#8217;Horta i contribuir a rescatar i conservar el record, l&#8217;experi\u00e8ncia i els coneixements d&#8217;aquestes persones, homes i dones que s\u00f3n els depositaris d&#8217;un patrimoni immaterial indispensable per a entendre els nostres paisatges de l&#8217;aigua i, en darrer terme, la pr\u00f2pia hist\u00f2ria de Val\u00e8ncia i dels pobles de la seua plana litoral.<\/p>\n\n\n\n<figure class=\"wp-block-image\"><img loading=\"lazy\" decoding=\"async\" width=\"1024\" height=\"572\" src=\"http:\/\/fundacioassut.org\/wp-content\/uploads\/2019\/12\/Foto-Esperant-laigua-5-1024x572.jpg\" alt=\"\" class=\"wp-image-5046\" srcset=\"https:\/\/fundacioassut.org\/wp-content\/uploads\/2019\/12\/Foto-Esperant-laigua-5-1024x572.jpg 1024w, https:\/\/fundacioassut.org\/wp-content\/uploads\/2019\/12\/Foto-Esperant-laigua-5-300x168.jpg 300w, https:\/\/fundacioassut.org\/wp-content\/uploads\/2019\/12\/Foto-Esperant-laigua-5-768x429.jpg 768w, https:\/\/fundacioassut.org\/wp-content\/uploads\/2019\/12\/Foto-Esperant-laigua-5-1080x603.jpg 1080w, https:\/\/fundacioassut.org\/wp-content\/uploads\/2019\/12\/Foto-Esperant-laigua-5.jpg 1280w\" sizes=\"(max-width: 1024px) 100vw, 1024px\" \/><\/figure>\n","protected":false},"excerpt":{"rendered":"<p>Ja est\u00e0 disponible en el canal de Vimeo d\u2019Artxiviu de l&#8217;Horta el nou documental de la s\u00e8rie \u00abEsperant l\u2019aigua\u00bb, una pel\u00b7l\u00edcula, produ\u00efda per la Fundaci\u00f3 Assut amb la col\u00b7laboraci\u00f3 de Cerveza Turia, que apunta una xicoteta esperan\u00e7a de continu\u00eftat en la minvada tradici\u00f3 agr\u00edcola i de regadiu de l&#8217;Horta de Val\u00e8ncia.<\/p>\n","protected":false},"author":5,"featured_media":5039,"comment_status":"closed","ping_status":"open","sticky":false,"template":"","format":"standard","meta":{"_et_pb_use_builder":"off","_et_pb_old_content":"","_et_gb_content_width":"","footnotes":""},"categories":[87],"tags":[],"class_list":["post-5038","post","type-post","status-publish","format-standard","has-post-thumbnail","hentry","category-noticies"],"_links":{"self":[{"href":"https:\/\/fundacioassut.org\/index.php?rest_route=\/wp\/v2\/posts\/5038","targetHints":{"allow":["GET"]}}],"collection":[{"href":"https:\/\/fundacioassut.org\/index.php?rest_route=\/wp\/v2\/posts"}],"about":[{"href":"https:\/\/fundacioassut.org\/index.php?rest_route=\/wp\/v2\/types\/post"}],"author":[{"embeddable":true,"href":"https:\/\/fundacioassut.org\/index.php?rest_route=\/wp\/v2\/users\/5"}],"replies":[{"embeddable":true,"href":"https:\/\/fundacioassut.org\/index.php?rest_route=%2Fwp%2Fv2%2Fcomments&post=5038"}],"version-history":[{"count":7,"href":"https:\/\/fundacioassut.org\/index.php?rest_route=\/wp\/v2\/posts\/5038\/revisions"}],"predecessor-version":[{"id":5053,"href":"https:\/\/fundacioassut.org\/index.php?rest_route=\/wp\/v2\/posts\/5038\/revisions\/5053"}],"wp:featuredmedia":[{"embeddable":true,"href":"https:\/\/fundacioassut.org\/index.php?rest_route=\/wp\/v2\/media\/5039"}],"wp:attachment":[{"href":"https:\/\/fundacioassut.org\/index.php?rest_route=%2Fwp%2Fv2%2Fmedia&parent=5038"}],"wp:term":[{"taxonomy":"category","embeddable":true,"href":"https:\/\/fundacioassut.org\/index.php?rest_route=%2Fwp%2Fv2%2Fcategories&post=5038"},{"taxonomy":"post_tag","embeddable":true,"href":"https:\/\/fundacioassut.org\/index.php?rest_route=%2Fwp%2Fv2%2Ftags&post=5038"}],"curies":[{"name":"wp","href":"https:\/\/api.w.org\/{rel}","templated":true}]}}