{"id":5059,"date":"2020-02-15T12:17:06","date_gmt":"2020-02-15T10:17:06","guid":{"rendered":"http:\/\/fundacioassut.org\/?p=5059"},"modified":"2020-02-24T12:28:02","modified_gmt":"2020-02-24T10:28:02","slug":"carles-sanchis-ibor-nou-president-de-la-junta-rectora-del-parc-natural-de-lalbufera","status":"publish","type":"post","link":"https:\/\/fundacioassut.org\/?p=5059","title":{"rendered":"Carles Sanchis Ibor, nou president de la Junta Rectora del Parc Natural de l\u2019Albufera"},"content":{"rendered":"\n<p>El passat 14 de febrer, el Ple del Consell va designar sis\nnous presidents de les Juntes Rectores dels parcs naturals de la Comunitat\nValenciana. Pel que fa a l\u2019Albufera, el nomenament va recaure en Carles Sanchis\nIbor, doctor en Geografia i professor de la Universitat de Val\u00e8ncia,\ninvestigador del Centre Valenci\u00e0 d&#8217;Estudis del Reg de la Universitat\nPolit\u00e8cnica, i membre fundador de la Fundaci\u00f3 Assut.<\/p>\n\n\n\n<p>Les Juntes Rectores s\u00f3n \u00f2rgans col\u00b7legiats de car\u00e0cter\nconsultiu en les quals estan representats els diferents interessos socials i\necon\u00f2mics directament implicats en la gesti\u00f3 activa dels Parcs Naturals. A\ndifer\u00e8ncia dels directors, els presidents de les Juntes Rectores dels Parcs\nNaturals no s\u00f3n c\u00e0rrecs t\u00e8cnics ni estan remunerats. Els responsables\nexerceixen la seua labor de manera altruista. <\/p>\n\n\n\n<p><strong><br>\nComprom\u00eds amb el medi ambient<\/strong><\/p>\n\n\n\n<p>La Conselleria \u00e9s la que t\u00e9 compet\u00e8ncies per a la proposta\nde candidats a presidir la Juntes Rectores dels Parcs Naturals. Per a aix\u00f2\ns&#8217;han seguit una s\u00e8rie de criteris, \u00abcom la implicaci\u00f3 dels candidats amb el\nconeixement i la protecci\u00f3 del medi natural\u00bb.<\/p>\n\n\n\n<p>Les persones designades per a aquests c\u00e0rrecs formen part\nd&#8217;entitats ciutadanes compromeses amb el medi ambient i pertanyents a l&#8217;\u00e0mbit\nuniversitari, a associacions excursionistes, culturals, conservacionistes o\nve\u00efnals, aix\u00ed com a perfils que, a t\u00edtol personal, presenten un important\nhistorial de vinculaci\u00f3, coneixement i comprom\u00eds amb la protecci\u00f3 d&#8217;un parc\nnatural en concret.<\/p>\n\n\n\n<p>Juntament amb Sanchis Ibor, el Consell ha designat a Guillem\nDomingo en la Serra Calderona, Alberto Lillo en les Illes Columbrets, Josep\nHerrero en la Serra d&#8217;Espad\u00e0, Joan Barcel\u00f3 en la Serra d\u2019Irta i Alejandro Escalada\nen les Salines de Santa Pola.\n\nSegons Medi Ambient, \u00abamb aquests nous nomenaments, es\ntracta d&#8217;impulsar un paper m\u00e9s actiu i din\u00e0mic de les Juntes Rectores, donant\nun major protagonisme a la societat civil i potenciant la creaci\u00f3 de grups de\ntreball que promoguen iniciatives i propostes i que fomenten la implicaci\u00f3 de\nles entitats ciutadanes en la conservaci\u00f3, la gesti\u00f3, i el desenvolupament\nrural sostenible de les \u00e0rees protegides\u00bb.\n\n\n\n<\/p>\n","protected":false},"excerpt":{"rendered":"<p>El Consell designa el ge\u00f2graf Carles Sanchis Ibor, membre fundador i vocal de la Fundaci\u00f3 Assut, nou president d&#8217;aquest \u00f2rgan consultiu. La implicaci\u00f3 amb el coneixement, la protecci\u00f3 del medi natural i el comprom\u00eds amb la responsabilitat han marcat els criteris de selecci\u00f3. <\/p>\n","protected":false},"author":5,"featured_media":5060,"comment_status":"closed","ping_status":"open","sticky":false,"template":"","format":"standard","meta":{"_et_pb_use_builder":"off","_et_pb_old_content":"","_et_gb_content_width":"","footnotes":""},"categories":[87],"tags":[],"class_list":["post-5059","post","type-post","status-publish","format-standard","has-post-thumbnail","hentry","category-noticies"],"_links":{"self":[{"href":"https:\/\/fundacioassut.org\/index.php?rest_route=\/wp\/v2\/posts\/5059","targetHints":{"allow":["GET"]}}],"collection":[{"href":"https:\/\/fundacioassut.org\/index.php?rest_route=\/wp\/v2\/posts"}],"about":[{"href":"https:\/\/fundacioassut.org\/index.php?rest_route=\/wp\/v2\/types\/post"}],"author":[{"embeddable":true,"href":"https:\/\/fundacioassut.org\/index.php?rest_route=\/wp\/v2\/users\/5"}],"replies":[{"embeddable":true,"href":"https:\/\/fundacioassut.org\/index.php?rest_route=%2Fwp%2Fv2%2Fcomments&post=5059"}],"version-history":[{"count":1,"href":"https:\/\/fundacioassut.org\/index.php?rest_route=\/wp\/v2\/posts\/5059\/revisions"}],"predecessor-version":[{"id":5063,"href":"https:\/\/fundacioassut.org\/index.php?rest_route=\/wp\/v2\/posts\/5059\/revisions\/5063"}],"wp:featuredmedia":[{"embeddable":true,"href":"https:\/\/fundacioassut.org\/index.php?rest_route=\/wp\/v2\/media\/5060"}],"wp:attachment":[{"href":"https:\/\/fundacioassut.org\/index.php?rest_route=%2Fwp%2Fv2%2Fmedia&parent=5059"}],"wp:term":[{"taxonomy":"category","embeddable":true,"href":"https:\/\/fundacioassut.org\/index.php?rest_route=%2Fwp%2Fv2%2Fcategories&post=5059"},{"taxonomy":"post_tag","embeddable":true,"href":"https:\/\/fundacioassut.org\/index.php?rest_route=%2Fwp%2Fv2%2Ftags&post=5059"}],"curies":[{"name":"wp","href":"https:\/\/api.w.org\/{rel}","templated":true}]}}