{"id":5067,"date":"2020-05-07T16:09:00","date_gmt":"2020-05-07T14:09:00","guid":{"rendered":"http:\/\/fundacioassut.org\/?p=5067"},"modified":"2020-05-07T16:50:58","modified_gmt":"2020-05-07T14:50:58","slug":"vides-al-costat-de-laigua-i-la-terra","status":"publish","type":"post","link":"https:\/\/fundacioassut.org\/?p=5067","title":{"rendered":"Vides al costat de l&#8217;aigua i la terra"},"content":{"rendered":"\n<p>Amb una conversa entre <strong>Thomas F. Glick<\/strong> i <strong>Vicent Sales, <\/strong>dos dels m\u00e9s destacats experts en el regadiu tradicional de l&#8217;Horta de Val\u00e8ncia, iniciem la publicaci\u00f3 en xarxes socials, en una s\u00e8rie peri\u00f2dica, dels principals documentals i altres projectes audiovisuals de la Fundaci\u00f3 Assut, alguns d&#8217;ells associats tamb\u00e9 al treball del col\u00b7lectiu <strong><a href=\"https:\/\/artxiviu.org\/va\/inici\/\">Artxiviu de l&#8217;Horta.<\/a><\/strong> El cicle, titulat <strong>\u00abVides al costat de l&#8217;aigua i la terra\u00bb<\/strong> i elaborat a partir del material que hem anat produint durant vora deu anys, reuneix un bon grapat de coneixements, sensibilitats i experi\u00e8ncies que se situen entre les fronteres de la cultura popular i els mons acad\u00e8mic i art\u00edstic; entre el present i la mem\u00f2ria d&#8217;aquest territori situat entre l&#8217;aigua i la terra.<\/p>\n\n\n\n<p>Aquests treballs formen part de la labor general que en la Fundaci\u00f3 Assut realitzem des de principis de 2011 i que s&#8217;ha anat concretant a poc a poc en nombroses activitats, iniciatives, trobades, projectes, investigacions, materials i treballs a prop\u00f2sit de l&#8217;estudi, la divulgaci\u00f3 i la conservaci\u00f3 dels nostres paisatges m\u00e9s pr\u00f2xims: l&#8217;Horta de Val\u00e8ncia i l&#8217;Albufera, la Ribera del X\u00faquer&#8230;<\/p>\n\n\n\n<p>Els v\u00eddeos que componen la s\u00e8rie \u00abVides al costat de l&#8217;aigua i la terra\u00bb, reunits per a l&#8217;ocasi\u00f3 pel nostre company <strong>Ignasi Mangue,<\/strong> han anat sorgint d&#8217;un entorn cada vegada m\u00e9s ampli de relacions i amistats diverses, totes elles basades en l&#8217;afecte i el respecte sincer cap a la terra, l&#8217;aigua i les persones que s&#8217;han encarregat, o encara ho fan, del sosteniment d&#8217;aquests territoris emmarcats en la plana litoral valenciana.<\/p>\n","protected":false},"excerpt":{"rendered":"<p>Encetem en xarxes socials un cicle de publicacions que mostraran els principals documentals i projectes audiovisuals que la Fundaci\u00f3 Assut ha produ\u00eft als darrers deu anys.<\/p>\n","protected":false},"author":5,"featured_media":5076,"comment_status":"closed","ping_status":"open","sticky":false,"template":"","format":"standard","meta":{"_et_pb_use_builder":"off","_et_pb_old_content":"","_et_gb_content_width":"","footnotes":""},"categories":[87],"tags":[112],"class_list":["post-5067","post","type-post","status-publish","format-standard","has-post-thumbnail","hentry","category-noticies","tag-lhorta"],"_links":{"self":[{"href":"https:\/\/fundacioassut.org\/index.php?rest_route=\/wp\/v2\/posts\/5067","targetHints":{"allow":["GET"]}}],"collection":[{"href":"https:\/\/fundacioassut.org\/index.php?rest_route=\/wp\/v2\/posts"}],"about":[{"href":"https:\/\/fundacioassut.org\/index.php?rest_route=\/wp\/v2\/types\/post"}],"author":[{"embeddable":true,"href":"https:\/\/fundacioassut.org\/index.php?rest_route=\/wp\/v2\/users\/5"}],"replies":[{"embeddable":true,"href":"https:\/\/fundacioassut.org\/index.php?rest_route=%2Fwp%2Fv2%2Fcomments&post=5067"}],"version-history":[{"count":3,"href":"https:\/\/fundacioassut.org\/index.php?rest_route=\/wp\/v2\/posts\/5067\/revisions"}],"predecessor-version":[{"id":5077,"href":"https:\/\/fundacioassut.org\/index.php?rest_route=\/wp\/v2\/posts\/5067\/revisions\/5077"}],"wp:featuredmedia":[{"embeddable":true,"href":"https:\/\/fundacioassut.org\/index.php?rest_route=\/wp\/v2\/media\/5076"}],"wp:attachment":[{"href":"https:\/\/fundacioassut.org\/index.php?rest_route=%2Fwp%2Fv2%2Fmedia&parent=5067"}],"wp:term":[{"taxonomy":"category","embeddable":true,"href":"https:\/\/fundacioassut.org\/index.php?rest_route=%2Fwp%2Fv2%2Fcategories&post=5067"},{"taxonomy":"post_tag","embeddable":true,"href":"https:\/\/fundacioassut.org\/index.php?rest_route=%2Fwp%2Fv2%2Ftags&post=5067"}],"curies":[{"name":"wp","href":"https:\/\/api.w.org\/{rel}","templated":true}]}}