{"id":5176,"date":"2020-09-08T11:27:47","date_gmt":"2020-09-08T09:27:47","guid":{"rendered":"https:\/\/fundacioassut.org\/?p=5176"},"modified":"2022-01-24T10:07:30","modified_gmt":"2022-01-24T08:07:30","slug":"arrossars-de-pas-agricultors-compromesos-amb-la-biodiversitat-en-lalbufera","status":"publish","type":"post","link":"https:\/\/fundacioassut.org\/?p=5176","title":{"rendered":"Arrossars de pas: Agricultors compromesos amb la biodiversitat en l&#8217;Albufera"},"content":{"rendered":"\n<p>Dos anys despr\u00e9s de posar-se en marxa, el projecte \u00abArrossars de pas\u00bb segueix endavant amb l&#8217;objectiu de millorar l&#8217;h\u00e0bitat per a l&#8217;alimentaci\u00f3 i el descans de les aus migrat\u00f2ries que recalen a l\u2019Albufera durant la major part del temps que dura la campanya de l&#8217;arr\u00f2s.<\/p>\n\n\n\n<p>D&#8217;acord amb la Conselleria d&#8217;Agricultura, encarregada d&#8217;atorgar els permisos pertinents, i amb la col\u00b7laboraci\u00f3 d&#8217;agricultors arrossers, com en aquest cas el culler\u00e0 Juan Meseguer, la iniciativa passa per gestionar i manejar en moments puntuals de cada campanya uns pocs arrossars fallits a fi de propiciar unes condicions favorables per a aquestes aus.<\/p>\n\n\n\n<p>Concretament, es tracta de realitzar una s\u00e8rie de treballs agr\u00edcoles que permeten mantindre la parcel\u00b7la de cultiu lliure de vegetaci\u00f3 i amb aigua, amb un nivell d&#8217;inundaci\u00f3 baix. En l&#8217;esp\u00e8s i impenetrable tap\u00eds d&#8217;arr\u00f2s en qu\u00e8 es converteix la major part del&nbsp;Parc Natural de l\u2019Albufera durant el cultiu, aquestes parcel\u00b7les fanguejades i aclarides i somerament inundades constitueixen urgents i valuosos indrets de superviv\u00e8ncia per a les aus lim\u00edcoles, un nodrit grup d&#8217;esp\u00e8cies que cerquen l&#8217;aliment al llim i el fang i entre les quals es troben algunes en declivi a Europa, com el t\u00e8tol cuanegre, el redonell i el&nbsp;territ picarut. La mesura afavoreix tamb\u00e9 altres ocells aqu\u00e0tics, com les gavines, garses,&nbsp;fumarells, \u00e0necs,&nbsp;picatorts i flamencs.<\/p>\n\n\n\n<p>A m\u00e9s, el benefici \u00e9s doble, ja que amb aquestes labors agr\u00edcoles es controla la vegetaci\u00f3 advent\u00edcia que es desenvolupa als arrossars fallits i es redueix la pres\u00e8ncia de males herbes durant la campanya seg\u00fcent. Les causes d&#8217;aquestes fallades s\u00f3n diverses, relacionades moltes vegades amb l&#8217;excessiva pres\u00e8ncia d&#8217;aquesta vegetaci\u00f3 no desitjada, l&#8217;afecci\u00f3 de plagues i malalties o situacions meteorol\u00f2giques adverses.<\/p>\n\n\n\n<p>A una escala global, el projecte pret\u00e9n anar estudiant alguns aspectes de la relaci\u00f3 entre l&#8217;arrossar i la migraci\u00f3 de les aus lim\u00edcoles; demostrant com mesures ambientals i agron\u00f2miques perfectament viables poden afavorir la diversitat biol\u00f2gica; recaptant dades que reafirmen la ja provada import\u00e0ncia que tenen els arrossars com a h\u00e0bitats substitutius o complementaris dels aiguamolls naturals, en molts casos degradats, i contribu\u00efsquen a promoure programes de conservaci\u00f3.<\/p>\n\n\n\n<p>En opini\u00f3 dels t\u00e8cnics de la Fundaci\u00f3 Assut, \u00abel projecte \u2018Arrossars de pas\u2019 \u00e9s particularment interessant perqu\u00e8 permet conjugar l&#8217;activitat agr\u00edcola amb la investigaci\u00f3 i la conservaci\u00f3, amb la participaci\u00f3 de la societat i el desenvolupament d&#8217;activitats de divulgaci\u00f3 i comunicaci\u00f3 dirigides a donar a con\u00e8ixer la import\u00e0ncia que t\u00e9 el cultiu de l&#8217;arr\u00f2s en la preservaci\u00f3 dels valors naturals i culturals d&#8217;un territori com el nostre\u00bb.<\/p>\n\n\n\n<p><strong>L&#8217;Albufera i la migraci\u00f3 de les aus<\/strong><\/p>\n\n\n\n<p>En l&#8217;Albufera, situada a un lloc on conflueixen les rutes migrat\u00f2ries que discorren pel Mediterrani i l&#8217;Atl\u00e0ntic Est, l&#8217;arrossar facilita la pres\u00e8ncia permanent d&#8217;una abundant avifauna aqu\u00e0tica i \u00e9s clau per a l&#8217;alimentaci\u00f3 i el descans de milers d&#8217;aus que es desplacen entre els llocs de nidificaci\u00f3 del centre i nord d&#8217;Europa i els d&#8217;hivernada a \u00c0frica. No obstant aix\u00f2, en aquest cas, la intensificaci\u00f3 agr\u00e0ria, l&#8217;escassetat d&#8217;h\u00e0bitats aqu\u00e0tics naturals i les mol\u00e8sties derivades del tr\u00e0nsit de vehicles i persones, entre altres causes, dificulten que aix\u00ed siga.<\/p>\n\n\n\n<p>Per tant, la pres\u00e8ncia d&#8217;aquests redu\u00efts enclavaments inundats i sense vegetaci\u00f3 permet l&#8217;arribada d&#8217;una gran quantitat d&#8217;aus, especialment lim\u00edcoles, que troben en aquestes xicotetes parcel\u00b7les l&#8217;ambient ideal per a descansar i alimentar-se, principalment entre els mesos de juliol i octubre. En aquests \u00abarrossars de pas\u00bb, les xifres d&#8217;aus registrades arriben a ser molt considerables, amb censos per damunt dels 500 ocells en un sol camp. Tenint en compte que aquestes aus es van renovant cont\u00ednuament \u2014cada dia nous individus arriben i uns altres fan cam\u00ed\u2014, s\u00f3n moltes, milers, les que es veuen afavorides per aquesta mesura.<\/p>\n\n\n\n<p><strong>Una simbiosi perfecta<\/strong><\/p>\n\n\n\n<p>Enguany, s&#8217;ha aconseguit manejar 54 fanecades \u20144,5 hect\u00e0rees\u2014 d&#8217;arrossars a Cullera, camps en els quals el cultiu de l&#8217;arr\u00f2s havia fallat \u2014per problemes en la germinaci\u00f3, afecci\u00f3 de plagues i malalties o un desenvolupament incontrolat de males herbes\u2014 i que ara, gr\u00e0cies a la col\u00b7laboraci\u00f3 dels agricultors, queden fanguejats, lliures de vegetaci\u00f3 i amb els nivells d&#8217;aigua adequats per a aquestes aus.<\/p>\n\n\n\n<p>La iniciativa evidencia com una activitat agr\u00edcola en un medi productiu com un arrossar pot afavorir la biodiversitat. La simbiosi entre arr\u00f2s i naturalesa \u00e9s, en aquest cas, perfecta. Una relaci\u00f3 de conviv\u00e8ncia que permet garantir unes condicions \u00f2ptimes per a la superviv\u00e8ncia de moltes esp\u00e8cies d&#8217;aus, algunes d&#8217;elles amena\u00e7ades.<\/p>\n","protected":false},"excerpt":{"rendered":"<p>Dos anys despr\u00e9s de posar-se en marxa, el projecte \u00abArrossars de pas\u00bb, empr\u00e8s per la Fundaci\u00f3 Assut amb el suport de l&#8217;empresa GA Alimentaria i el grup industrial Nuova Sesac, segueix avant en l&#8217;objectiu de millorar l&#8217;h\u00e0bitat per a l&#8217;alimentaci\u00f3 i el descans de les aus migrat\u00f2ries que recalen en l\u2019Albufera durant la major part del temps que dura la campanya de l&#8217;arr\u00f2s.<\/p>\n","protected":false},"author":5,"featured_media":5186,"comment_status":"closed","ping_status":"open","sticky":false,"template":"","format":"standard","meta":{"_et_pb_use_builder":"off","_et_pb_old_content":"","_et_gb_content_width":"","footnotes":""},"categories":[87],"tags":[],"class_list":["post-5176","post","type-post","status-publish","format-standard","has-post-thumbnail","hentry","category-noticies"],"_links":{"self":[{"href":"https:\/\/fundacioassut.org\/index.php?rest_route=\/wp\/v2\/posts\/5176","targetHints":{"allow":["GET"]}}],"collection":[{"href":"https:\/\/fundacioassut.org\/index.php?rest_route=\/wp\/v2\/posts"}],"about":[{"href":"https:\/\/fundacioassut.org\/index.php?rest_route=\/wp\/v2\/types\/post"}],"author":[{"embeddable":true,"href":"https:\/\/fundacioassut.org\/index.php?rest_route=\/wp\/v2\/users\/5"}],"replies":[{"embeddable":true,"href":"https:\/\/fundacioassut.org\/index.php?rest_route=%2Fwp%2Fv2%2Fcomments&post=5176"}],"version-history":[{"count":4,"href":"https:\/\/fundacioassut.org\/index.php?rest_route=\/wp\/v2\/posts\/5176\/revisions"}],"predecessor-version":[{"id":238916,"href":"https:\/\/fundacioassut.org\/index.php?rest_route=\/wp\/v2\/posts\/5176\/revisions\/238916"}],"wp:featuredmedia":[{"embeddable":true,"href":"https:\/\/fundacioassut.org\/index.php?rest_route=\/wp\/v2\/media\/5186"}],"wp:attachment":[{"href":"https:\/\/fundacioassut.org\/index.php?rest_route=%2Fwp%2Fv2%2Fmedia&parent=5176"}],"wp:term":[{"taxonomy":"category","embeddable":true,"href":"https:\/\/fundacioassut.org\/index.php?rest_route=%2Fwp%2Fv2%2Fcategories&post=5176"},{"taxonomy":"post_tag","embeddable":true,"href":"https:\/\/fundacioassut.org\/index.php?rest_route=%2Fwp%2Fv2%2Ftags&post=5176"}],"curies":[{"name":"wp","href":"https:\/\/api.w.org\/{rel}","templated":true}]}}